{"id":18140,"date":"2018-02-01T14:42:45","date_gmt":"2018-02-01T13:42:45","guid":{"rendered":"http:\/\/www.thereportzone.it\/?p=18140"},"modified":"2018-02-01T14:42:45","modified_gmt":"2018-02-01T13:42:45","slug":"falciano-arriva-il-carnevale-amministrazione-e-associazione-ogni-volta-organizzano-il-grande-evento","status":"publish","type":"post","link":"https:\/\/www.thereportzone.it\/?p=18140","title":{"rendered":"FALCIANO &#8211; Arriva il Carnevale, Amministrazione e Associazione Ogni Volta organizzano il grande evento"},"content":{"rendered":"<p>&nbsp;<br \/>\n&nbsp;<br \/>\n<strong>FALCIANO<\/strong>. Anche quest&#8217;anno a Falciano del Massico si avranno grandi festeggiamenti in vista del Carnevale 2018. L&#8217;Amministrazione comunale, in collaborazione con l&#8217;Associazione <em><strong>Ogni Volta<\/strong><\/em>, hanno organizzato il grande evento che, come andremo a vedere, in programma ha anche appuntamenti di tutto rispetto, come Gerardo Amarante Spaccapaese. Qui di seguito vi proponiamo il messaggio diffuso dall&#8217;Associazione Ogni Volta.<br \/>\n&#8220;<em>Buon giorno amici&#8230;.. Credevate di esservi liberati di noi ??? Mai!!! Ebbene si&#8230; anche quest&#8217;anno vi stupiremo con effetti speciali. Il Carnevale si avvicina&#8230; sar\u00e0 un Carnevale stupendo!!! Quest&#8217;anno una novit\u00e0, daremo inizio al Carnevale con la cantata &#8220;Simm zingari e caurarari!&#8221; il Gioved\u00ec Grasso, poi, Domenica 11 la sfilata dei carri allegorici con partenza ora 14.30 da via direttissima, per le strade cittadine e con ritorno in piazza Limata e per concludere la sfilata &#8220;Gerardo Amarante e Spaccapaese&#8221; in concerto. Marted\u00ec 13 partenza ore 14.30 da via Vellaria, sfilata per le vie cittadine e ritorno in piazza San Pietro con un gran finale!!!!! Coriandoli per tutti&#8230;. grandi e piccini&#8230;.. Per rendere il tutto ancora pi\u00f9 spettacolare c&#8217;\u00e8 bisogno della vostra presenza&#8230; si tutti voi!!! Mi raccomando la maschera!!!! Solo cos\u00ec sar\u00e0 un paese in festa!!! Vi vogliamo numerosi!!!! Buona vita a tutti<\/em>&#8220;.<br \/>\n<img fetchpriority=\"high\" decoding=\"async\" class=\"aligncenter size-full wp-image-18141\" src=\"http:\/\/www.thereportzone.it\/wp-content\/uploads\/2018\/02\/27591663_10214581662592029_261897508_n.jpg\" alt=\"\" width=\"729\" height=\"960\" \/><\/p>\n","protected":false},"excerpt":{"rendered":"<p>&nbsp; &nbsp; FALCIANO. Anche quest&#8217;anno a Falciano del Massico si avranno grandi festeggiamenti in vista del Carnevale 2018.<\/p>\n","protected":false},"author":2,"featured_media":18141,"comment_status":"closed","ping_status":"closed","sticky":false,"template":"","format":"standard","meta":{"sfsi_plus_gutenberg_text_before_share":"","sfsi_plus_gutenberg_show_text_before_share":"","sfsi_plus_gutenberg_icon_type":"","sfsi_plus_gutenberg_icon_alignemt":"","sfsi_plus_gutenburg_max_per_row":"","footnotes":""},"categories":[10,4],"tags":[],"class_list":["post-18140","post","type-post","status-publish","format-standard","has-post-thumbnail","hentry","category-cultura","category-falciano"],"_links":{"self":[{"href":"https:\/\/www.thereportzone.it\/index.php?rest_route=\/wp\/v2\/posts\/18140"}],"collection":[{"href":"https:\/\/www.thereportzone.it\/index.php?rest_route=\/wp\/v2\/posts"}],"about":[{"href":"https:\/\/www.thereportzone.it\/index.php?rest_route=\/wp\/v2\/types\/post"}],"author":[{"embeddable":true,"href":"https:\/\/www.thereportzone.it\/index.php?rest_route=\/wp\/v2\/users\/2"}],"replies":[{"embeddable":true,"href":"https:\/\/www.thereportzone.it\/index.php?rest_route=%2Fwp%2Fv2%2Fcomments&post=18140"}],"version-history":[{"count":0,"href":"https:\/\/www.thereportzone.it\/index.php?rest_route=\/wp\/v2\/posts\/18140\/revisions"}],"wp:featuredmedia":[{"embeddable":true,"href":"https:\/\/www.thereportzone.it\/index.php?rest_route=\/"}],"wp:attachment":[{"href":"https:\/\/www.thereportzone.it\/index.php?rest_route=%2Fwp%2Fv2%2Fmedia&parent=18140"}],"wp:term":[{"taxonomy":"category","embeddable":true,"href":"https:\/\/www.thereportzone.it\/index.php?rest_route=%2Fwp%2Fv2%2Fcategories&post=18140"},{"taxonomy":"post_tag","embeddable":true,"href":"https:\/\/www.thereportzone.it\/index.php?rest_route=%2Fwp%2Fv2%2Ftags&post=18140"}],"curies":[{"name":"wp","href":"https:\/\/api.w.org\/{rel}","templated":true}]}}