{"id":17821,"date":"2017-12-19T11:51:15","date_gmt":"2017-12-19T10:51:15","guid":{"rendered":"http:\/\/www.thereportzone.it\/?p=17821"},"modified":"2017-12-19T11:51:15","modified_gmt":"2017-12-19T10:51:15","slug":"falciano-ordinanza-sindacale-in-materia-di-igiene-e-sanita","status":"publish","type":"post","link":"https:\/\/www.thereportzone.it\/?p=17821","title":{"rendered":"FALCIANO &#8211; Ordinanza sindacale in materia di igiene e sanit\u00e0"},"content":{"rendered":"<p>&nbsp;<br \/>\n&nbsp;<br \/>\n<strong>FALCIANO<\/strong>. &#8220;Con questa Ordinanza vogliamo da un lato promuovere la tutela e la cura degli animali, dall\u2019altro garantire l\u2019igiene pubblica ed il decoro urbano!!! Chiediamo ai cittadini di collaborare, \u00e8 in gioco l\u2019immagine ed il senso civico del nostro amato Paese che sta progressivamente crescendo da tutti i punti di vista cos\u00ec come merita&#8221;.\u00a0 Queste le dichiarazioni del sindaco <strong>Giovanni Erasmo Fava<\/strong> in merito all&#8217;ordinanza che ha, in oggetto: &#8220;Ordinanza sindacale in materia di igiene e sanit\u00e0 per l&#8217;obbligo di raccolta delle deiezioni e obblighi in condotta per i proprietari di cani&#8221;. Un&#8217;ordinanza che, a nostro avviso, va a delineare la volont\u00e0 di assumere comportamenti civici migliori e che aiuter\u00e0 a mantenere un decoro urbano migliore, soprattutto in materia di igiene e sanit\u00e0.<br \/>\n<img fetchpriority=\"high\" decoding=\"async\" class=\"aligncenter size-full wp-image-17822\" src=\"http:\/\/www.thereportzone.it\/wp-content\/uploads\/2017\/12\/FB_IMG_1513680156779.jpg\" alt=\"\" width=\"720\" height=\"960\" \/><br \/>\n<img decoding=\"async\" class=\"aligncenter size-full wp-image-17823\" src=\"http:\/\/www.thereportzone.it\/wp-content\/uploads\/2017\/12\/FB_IMG_1513680170902.jpg\" alt=\"\" width=\"720\" height=\"960\" \/><br \/>\n<img decoding=\"async\" class=\"aligncenter size-full wp-image-17824\" src=\"http:\/\/www.thereportzone.it\/wp-content\/uploads\/2017\/12\/FB_IMG_1513680175467.jpg\" alt=\"\" width=\"720\" height=\"960\" \/><\/p>\n","protected":false},"excerpt":{"rendered":"<p>&nbsp; &nbsp; FALCIANO. &#8220;Con questa Ordinanza vogliamo da un lato promuovere la tutela e la cura degli animali,<\/p>\n","protected":false},"author":2,"featured_media":13293,"comment_status":"closed","ping_status":"closed","sticky":false,"template":"","format":"standard","meta":{"sfsi_plus_gutenberg_text_before_share":"","sfsi_plus_gutenberg_show_text_before_share":"","sfsi_plus_gutenberg_icon_type":"","sfsi_plus_gutenberg_icon_alignemt":"","sfsi_plus_gutenburg_max_per_row":"","footnotes":""},"categories":[4,9],"tags":[],"class_list":["post-17821","post","type-post","status-publish","format-standard","has-post-thumbnail","hentry","category-falciano","category-politica"],"_links":{"self":[{"href":"https:\/\/www.thereportzone.it\/index.php?rest_route=\/wp\/v2\/posts\/17821"}],"collection":[{"href":"https:\/\/www.thereportzone.it\/index.php?rest_route=\/wp\/v2\/posts"}],"about":[{"href":"https:\/\/www.thereportzone.it\/index.php?rest_route=\/wp\/v2\/types\/post"}],"author":[{"embeddable":true,"href":"https:\/\/www.thereportzone.it\/index.php?rest_route=\/wp\/v2\/users\/2"}],"replies":[{"embeddable":true,"href":"https:\/\/www.thereportzone.it\/index.php?rest_route=%2Fwp%2Fv2%2Fcomments&post=17821"}],"version-history":[{"count":0,"href":"https:\/\/www.thereportzone.it\/index.php?rest_route=\/wp\/v2\/posts\/17821\/revisions"}],"wp:featuredmedia":[{"embeddable":true,"href":"https:\/\/www.thereportzone.it\/index.php?rest_route=\/"}],"wp:attachment":[{"href":"https:\/\/www.thereportzone.it\/index.php?rest_route=%2Fwp%2Fv2%2Fmedia&parent=17821"}],"wp:term":[{"taxonomy":"category","embeddable":true,"href":"https:\/\/www.thereportzone.it\/index.php?rest_route=%2Fwp%2Fv2%2Fcategories&post=17821"},{"taxonomy":"post_tag","embeddable":true,"href":"https:\/\/www.thereportzone.it\/index.php?rest_route=%2Fwp%2Fv2%2Ftags&post=17821"}],"curies":[{"name":"wp","href":"https:\/\/api.w.org\/{rel}","templated":true}]}}