{"id":17705,"date":"2017-12-12T09:40:02","date_gmt":"2017-12-12T08:40:02","guid":{"rendered":"http:\/\/www.thereportzone.it\/?p=17705"},"modified":"2017-12-12T09:40:02","modified_gmt":"2017-12-12T08:40:02","slug":"falciano-lutto-in-famiglia-per-lassessore-vincenzo-cestrone","status":"publish","type":"post","link":"https:\/\/www.thereportzone.it\/?p=17705","title":{"rendered":"FALCIANO &#8211; Lutto in famiglia per l&#8217;assessore Vincenzo  Cestrone"},"content":{"rendered":"<p>&nbsp;<br \/>\n&nbsp;<br \/>\n<strong>FALCIANO<\/strong>. Un lutto che ha colpito non soltanto la famiglia Cestrone, ma anche l&#8217;amministrazione comunale tutta. La stessa ha espresso parole di cordoglio anche attraverso un manifesto pubblico.<br \/>\nSi \u00e8 spento all&#8217;et\u00e0 di 75 anni Bruno Cestrone, il pap\u00e0 dell&#8217;assessore Ing.\u00a0 Vincenzo Cestrone. Un dolore al quale anche noi di The Report Zone ci uniamo, rendendo le nostre condoglianze all&#8217;assessore e a tutta la famiglia Cestrone. I funerali si svolgeranno oggi alle ore 15.00 presso la chiesa San Rocco e Martino.<br \/>\n<img fetchpriority=\"high\" decoding=\"async\" class=\"aligncenter size-full wp-image-17707\" src=\"http:\/\/www.thereportzone.it\/wp-content\/uploads\/2017\/12\/Screenshot_20171212-093831.png\" alt=\"\" width=\"1080\" height=\"1920\" \/><\/p>\n","protected":false},"excerpt":{"rendered":"<p>&nbsp; &nbsp; FALCIANO. Un lutto che ha colpito non soltanto la famiglia Cestrone, ma anche l&#8217;amministrazione comunale tutta.<\/p>\n","protected":false},"author":2,"featured_media":17707,"comment_status":"closed","ping_status":"closed","sticky":false,"template":"","format":"standard","meta":{"sfsi_plus_gutenberg_text_before_share":"","sfsi_plus_gutenberg_show_text_before_share":"","sfsi_plus_gutenberg_icon_type":"","sfsi_plus_gutenberg_icon_alignemt":"","sfsi_plus_gutenburg_max_per_row":"","footnotes":""},"categories":[8,4,9],"tags":[],"class_list":["post-17705","post","type-post","status-publish","format-standard","has-post-thumbnail","hentry","category-cronaca","category-falciano","category-politica"],"_links":{"self":[{"href":"https:\/\/www.thereportzone.it\/index.php?rest_route=\/wp\/v2\/posts\/17705"}],"collection":[{"href":"https:\/\/www.thereportzone.it\/index.php?rest_route=\/wp\/v2\/posts"}],"about":[{"href":"https:\/\/www.thereportzone.it\/index.php?rest_route=\/wp\/v2\/types\/post"}],"author":[{"embeddable":true,"href":"https:\/\/www.thereportzone.it\/index.php?rest_route=\/wp\/v2\/users\/2"}],"replies":[{"embeddable":true,"href":"https:\/\/www.thereportzone.it\/index.php?rest_route=%2Fwp%2Fv2%2Fcomments&post=17705"}],"version-history":[{"count":0,"href":"https:\/\/www.thereportzone.it\/index.php?rest_route=\/wp\/v2\/posts\/17705\/revisions"}],"wp:featuredmedia":[{"embeddable":true,"href":"https:\/\/www.thereportzone.it\/index.php?rest_route=\/"}],"wp:attachment":[{"href":"https:\/\/www.thereportzone.it\/index.php?rest_route=%2Fwp%2Fv2%2Fmedia&parent=17705"}],"wp:term":[{"taxonomy":"category","embeddable":true,"href":"https:\/\/www.thereportzone.it\/index.php?rest_route=%2Fwp%2Fv2%2Fcategories&post=17705"},{"taxonomy":"post_tag","embeddable":true,"href":"https:\/\/www.thereportzone.it\/index.php?rest_route=%2Fwp%2Fv2%2Ftags&post=17705"}],"curies":[{"name":"wp","href":"https:\/\/api.w.org\/{rel}","templated":true}]}}