{"id":17700,"date":"2017-12-11T20:33:28","date_gmt":"2017-12-11T19:33:28","guid":{"rendered":"http:\/\/www.thereportzone.it\/?p=17700"},"modified":"2017-12-11T20:33:28","modified_gmt":"2017-12-11T19:33:28","slug":"carinola-ritorna-contesti-grandi-nomi-e-presentazioni-in-programma","status":"publish","type":"post","link":"https:\/\/www.thereportzone.it\/?p=17700","title":{"rendered":"CARINOLA &#8211; Ritorna CONTESTI, grandi nomi e presentazioni in programma"},"content":{"rendered":"<p>&nbsp;<br \/>\n&nbsp;<br \/>\n<strong>CARINOLA<\/strong>. CONTESTI \/\/\/ Il Festival dei Libri. Quarta edizione: 15 e 16 Dicembre 2017, Palazzo Novelli \u2013 Carinola (CE).<br \/>\nTorna l\u2019appuntamento con Contesti &#8211; Il festival dei libri, manifestazione culturale giunta alla quarta edizione. L\u2019associazione \u201cAmici della Biblioteca Comunale Carinola\u201d, ideatrice ed organizzatrice del festival, quest\u2019 anno ha scelto una nuova formula: due fine settimana invece di uno soltanto.<br \/>\nGiornate ancora pi\u00f9 ricche di eventi che il pubblico potr\u00e0 vivere appieno nella splendida cornice di Palazzo Novelli.<br \/>\nSi parte il 15 e 16 dicembre, giorni dedicati primi incontri con gli autori.<br \/>\nVenerd\u00ec 15 dicembre Emanuele Cerullo ad aprire questa edizione di Contesti: il giovane scrittore presenter\u00e0 la sua raccolta di poesie \u201cNel Ventre di Scampia\u201d ai ragazzi del Liceo Classico Scientifico Renato Cartesio di Villaricca. Nel pomeriggio dello stesso giorno, il professore ed enologo di fama internazionale Luigi Moio presenter\u00e0 il suo libro Il respiro del vino. Ci\u00f2 avverr\u00e0 nelle &#8220;Terre del Falerno&#8221; alla presenza di tanti produttori del rinomato vino.<br \/>\nPer sabato 16 dicembre saranno previsti due appuntamenti: si inizier\u00e0 di mattina con la presentazione del libro \u201cStoria Umana della Matematica\u201d, occasione per gli studenti dell&#8217; ISISS &#8220;Nicola Stefanelli&#8221; di Mondragone per incontrare l\u2019 autrice Chiara Valerio. Nel pomeriggio, a concludere questi due giorni, sar\u00e0 il giovane attore teatrale Pasquale Passaretti, a presentare in anteprima il suo primo scritto \u201cBianco Materia\u201d, illustrato da Alessandra Bovino.<br \/>\nContesti \u00e8 l\u2019appuntamento culturale di punta dell\u2019associazione che attraverso l\u2019operato dei suoi volontari \u00e8 sempre impegnata a portare nuova linfa alla piccola comunit\u00e0 dell\u2019alto casertano, sia attraverso eventi e iniziative culturali, sia prendendosi cura della Biblioteca Comunale. Nei giorni del festival, Carinola pu\u00f2 fare sfoggio delle sue bellezze di rilevanza storico-architettonica grazie alle visite guidate organizzate dall&#8217; Archeoclub Carinola.<br \/>\n\u00c8 un momento unico per gli amanti della letteratura e dell&#8217;arte di tutte le et\u00e0, in cui i lettori potranno confrontarsi con autori di fama nazionale nella dimensione raccolta della cittadina carinolese e in un&#8217; atmosfera di festa.<br \/>\nPROGRAMMA:<br \/>\nVenerd\u00ec 15 dicembre<br \/>\nore 9:45 \/\/\/ VISITE GUIDATE ai monumenti architettonici di Carinola a cura di Archeoclub. (Palazzo Novelli, Cattedrale, Castello, Chiesa SS. Annunziata)<br \/>\nore 10:30 \/\/\/ IL VENTRE DI SCAMPIA di Emanuele Cerullo<br \/>\nintroduce il prof. Luigi Corrente<br \/>\nore 18:00 \/\/\/ IL RESPIRO DEL VINO di Luigi Moio<br \/>\noltre all&#8217;autore partecipano all&#8217;incontro:<br \/>\nTeresa Mincione (Degustatrice SLOW WINE)<br \/>\nMaria Zampi (Terre del Falerno)<br \/>\nAntonio Razzino (Sommelier)<br \/>\nCarmine Guarriello (AABC)<br \/>\nSabato 16 dicembre:<br \/>\nore 10:00 \/\/\/ VISITE GUIDATE ai monumenti architettonici di Carinola (Palazzo Novelli, Cattedrale, Castello, Chiesa SS. Annunziata)<br \/>\nore 11:00 \/\/\/ STORIA UMANA DELLA MATEMATICA di Chiara Valerio<br \/>\nintroduce Dimitri Pierri (AABC)<br \/>\nore \/\/\/ 18:00 BIANCO MATERIA di Pasquale Passaretti, illustrazioni di Alessandra Bovino<br \/>\noltre all&#8217;autore e all&#8217;illustratrice partecipano all&#8217;incontro:<br \/>\nValerio Bindi ( Edizioni Fortepressa \/ La bagarre )<br \/>\nLuigi Morra ( Attore e regista teatrale \/ Et\u00e9rnit ) interpreta alcuni brani estratti dal Bianco Materia.<br \/>\n\/\/\/ LIBRI E AUTORI \/\/\/<br \/>\n\u00b0\u00b0\u00b0\u00b0\u00b0\u00b0\u00b0\u00b0\u00b0\u00b0\u00b0\u00b0\u00b0\u00b0\u00b0\u00b0\u00b0\u00b0\u00b0\u00b0<br \/>\nIL VENTRE DI SCAMPIA<br \/>\ndi Emanuele Cerullo<br \/>\n2016 Ed. Neomediaitalia<br \/>\nUna raccolta di poesie che offre uno sguardo profondo della periferia e della giovinezza divisa tra natura e cemento, tra speranza e alienazione. Un volume che contiene liriche che segnano denuncia e riscatto, ironia e feconda vocazione artistica con la quale Emanuele Cerullo ispira ogni sua poesia. Versi che raccontano la rabbia e l&#8217;orgoglio, che separano, in una linea di demarcazione ideale e reale, una strada capace di portare al futuro.<br \/>\nEMANUELE CERULLO<br \/>\nNato in una delle vele di Scampia nel 1993, \u00e8 cresciuto in mezzo al degrado e all&#8217;emarginazione, a mostri di cemento armato e a lotte per la supremazia dello spaccio di droga, tra morti ammazzati e faide di camorra. Anzich\u00e8 fare di quel contesto la sua vita futura \u00e8 riuscito a diventare in questi anni, nonostante la sua giovane et\u00e0, esempio di riscatto. Una battaglia di impegno civile, la sua, combattuta con la poesia, la cultura, lo studio.<br \/>\nNel 2007 le sue liriche sono state raccolte nell&#8217;opuscolo &#8220;Il coraggio di essere libero&#8221;, stampato dall&#8217;Istituto Comprensivo Virgilio 4. Nel corso degli ultimi anni Emanuele Cerullo ha incontrato migliaia di studenti. E&#8217; stato ospitato in programmi radiofonici e televisivi, ha ricevuto numerosi premi per l&#8217;impegno letterario e civile ed \u00e8 diventato un simbolo di legalit\u00e0 e di riscatto socio-culturale.<br \/>\n\u00b0\u00b0\u00b0\u00b0\u00b0\u00b0\u00b0\u00b0\u00b0\u00b0\u00b0\u00b0\u00b0\u00b0\u00b0\u00b0\u00b0\u00b0\u00b0\u00b0<br \/>\nIL RESPIRO DEL VINO<br \/>\ndi Luigi Moio<br \/>\nConoscere il profumo del vino per bere con maggior piacere<br \/>\n2016 Ed. Mondadori<br \/>\nIl vino \u00e8 la sintesi sorprendente dei profumi di tutto ci\u00f2 che ci circonda, perch\u00e9 ha nella sua natura pi\u00f9 profonda le tracce della terra, dei fiori, dei frutti, delle spezie, del mare, della montagna, del vento, della luce e di tante altre cose che nobilmente rappresenta.<br \/>\nL\u2019atto iniziale di chiunque si avvicini al vino \u00e8 infatti quello di portare il calice al proprio naso per sentirne il profumo, roteando delicatamente il bicchiere, affinch\u00e9 il vino in esso contenuto, simile alla Terra che ruota intorno al proprio asse, possa sprigionare la sua intimit\u00e0 olfattiva. Da quando esiste l\u2019uomo, nella sua cultura gastronomica non c\u2019\u00e8 altra bevanda o cibo che preveda questo meraviglioso rituale di incontro tra sensibilit\u00e0, natura ed emozione. \u00c8 una gestualit\u00e0 mitica, quella legata al vino, che con la sua delicatezza ci aiuta a riappropriarci del nostro tempo e del nostro equilibrio interiore.<br \/>\nLUIGI MOIO<br \/>\nProfessore ordinario di Enologia all\u2019Universit\u00e0 degli Studi di Napoli Federico II. Da pi\u00f9 di vent\u2019anni si occupa degli aspetti sensoriali, biochimici e tecnologici dell\u2019aroma del vino. \u00c8 autore di oltre 200 pubblicazioni scientifiche su riviste internazionali. Esperto scientifico per il ministero delle Politiche agricole, dal 2015 \u00e8 presidente della commissione di enologia dell\u2019Organizzazione internazionale della vigna e del vino (OIV) con sede a Parigi. \u00c8 accademico dei Georgofili e dell\u2019Accademia italiana della vite e del vino.<br \/>\n\u00b0\u00b0\u00b0\u00b0\u00b0\u00b0\u00b0\u00b0\u00b0\u00b0\u00b0\u00b0\u00b0\u00b0\u00b0\u00b0\u00b0\u00b0\u00b0\u00b0<br \/>\nSTORIA UMANA DELLA MATEMATICA<br \/>\ndi Chiara Valerio<br \/>\n2016 Ed. Einaudi<br \/>\nI matematici sono uomini come tutti gli altri, alle prese con un talento spesso precoce, imperativo e solitario. Cos\u00ed le loro grandi scoperte sono anche vicende di padri e figli, balistica e cibernetica, amori e fallimenti, ostinazione e fortuna. Attraverso le storie di sei matematici veri e uno finto, Chiara Valerio ci racconta la seduzione della pi\u00fa inafferrabile delle scienze esatte.<br \/>\nSe la letteratura nasce quando qualcuno urla al lupo e il lupo non c&#8217;\u00e8, e la fisica comincia quando qualcuno capisce come accendere il fuoco strofinando le pietre, la matematica quando nasce? La matematica nasce perch\u00e9 gli esseri umani sono impazienti. Torneranno i lupi, saranno pi\u00fa di noi? Quanto ci vuole per accendere il fuoco con i sassi? Gli esseri umani hanno bisogno di segnare il tempo, un prima un dopo. E per segnare il tempo si sono inventati i numeri: allineare sassolini uno dietro l&#8217;altro, annodare un filo, stabilire una successione.<br \/>\nCHIARA VALERIO<br \/>\nHa conseguito un dottorato in matematica all&#8217;Universit\u00e0 Federico II di Napoli e vive e lavora a Roma. Redattrice di Nuovi Argomenti ha scritto per il teatro e per la radio, collabora con &#8220;ll Sole 24 Ore&#8221; e &#8220;l\u2019Unit\u00e0&#8221;, al programma \u201cAd alta voce\u201d di Rai Radio 3 e con la trasmissione culturale \u201cPane quotidiano\u201d, Rai 3. Consulente editoriale della casa editrice nottetempo, cura la collana di nuove voci italiane narrativa.it. Ha pubblicato, tra l\u2019altro, A complicare le cose (Robin 2003); Ognuno sta solo (Perrone 2007); Spiaggia libera tutti (Laterza 2010). Con nottetempo ha pubblicato Nessuna scuola mi consola e il romanzo La gioia piccola d\u2019esser quasi salvi (entrambi pubblicati nel 2009), e tradotto e curato le edizioni italiane di Flush (2012) e Freshwater (2013) di Virginia Woolf, Almanacco del giorno prima (Einaudi 2014) e Storia umana della matematica (Einaudi 2016).<br \/>\n\u00b0\u00b0\u00b0\u00b0\u00b0\u00b0\u00b0\u00b0\u00b0\u00b0\u00b0\u00b0\u00b0\u00b0\u00b0\u00b0\u00b0\u00b0\u00b0\u00b0<br \/>\nBIANCO MATERIA<br \/>\ndi Pasquale Passaretti . Illustrazioni di Alessandra Bovino<br \/>\n2017 Ed Fortepressa | La Bagarre<br \/>\nUna nave \u00e8 ferma di fronte al Bianco. In attesa del ritorno della missione di ricerca che ha accompagnato in questo luogo indefinito il capitano ingaggia con se stesso e il suo equipaggio una sfida fatta di inerzia e passivit\u00e0. L&#8217;attesa perenne, indefinita, \u00e8 scandita dal diario\/libro di bordo del capitano che vaga tra le sue memorie e i bagliori riflessi dal bianco circostante. Senza alcun movimento apparente il tempo scorre sulla nave mentre le scorte esauriscono e con esse le pagine del diario. Quale storia si nasconde veramente tra le pagine del diario?<br \/>\nLe pagine sono illustrate da Alessandra Bovino con linee che incidono il nero della china fra le parole del diario.<br \/>\nPASQUALE PASSARETTI<br \/>\nAttore, regista e autore teatrale, si laurea in Filosofia Morale e Teoretica presso la Federico II di Napoli.<br \/>\nDebutta giovanissimo in compagnie di teatro classico napoletano per poi avvicinarsi allo studio dei metodi di Grotowski e Barba. Si orienta al teatro di ricerca mettendo in scena i propri lavori negli spazi off della metropoli partenopea. Molte esperienze formative:Cecar Brie, Davide Iodice, Pierpaolo Sepe, Armando Punzo, Emma Dante, Letizia Russo, Francesca Della Monica, Fiorenza Menni. Dirige e organizza il festival teatrale \u201cLunarte\u201d di Carinola (CE) da oltre dieci edizioni. Come autore teatrale ha scritto \u201cOdio questo lavoro\u201d, e \u201cBinario 2\u201d, premiato con il premio \u201cSpecial Off\u201d al Roma Fringe Festival. Nel 2008, con Luigi Morra, fonda l\u2019associazione Et\u00e9rnit con cui produce la maggior parte dei suoi lavori.<br \/>\n\/\/\/\/\/\/\/\/\/\/<br \/>\nMa non \u00e8 finita qui: un&#8217;altra due giorni ricca di sorprese \u00e8 prevista per venerd\u00ec 29 e sabato 30 Dicembre di cui, a breve, sar\u00e0 svelato il programma!<br \/>\n\/\/\/ INFO, PRESS, CONTATTI:<br \/>\nwww.contestifestival.it<br \/>\ninfo@contestifestival.it<br \/>\nCell. 328 1070406 -320 4666546<br \/>\nBiblioteca Comunale di Carinola<br \/>\nPiazza Osvaldo Mazza, presso Palazzo Novelli<br \/>\n81030 \u2013 Carinola (CE)<\/p>\n","protected":false},"excerpt":{"rendered":"<p>&nbsp; &nbsp; CARINOLA. CONTESTI \/\/\/ Il Festival dei Libri. Quarta edizione: 15 e 16 Dicembre 2017, Palazzo Novelli<\/p>\n","protected":false},"author":2,"featured_media":17701,"comment_status":"closed","ping_status":"closed","sticky":false,"template":"","format":"standard","meta":{"sfsi_plus_gutenberg_text_before_share":"","sfsi_plus_gutenberg_show_text_before_share":"","sfsi_plus_gutenberg_icon_type":"","sfsi_plus_gutenberg_icon_alignemt":"","sfsi_plus_gutenburg_max_per_row":"","footnotes":""},"categories":[2973,10],"tags":[],"class_list":["post-17700","post","type-post","status-publish","format-standard","has-post-thumbnail","hentry","category-carinola","category-cultura"],"_links":{"self":[{"href":"https:\/\/www.thereportzone.it\/index.php?rest_route=\/wp\/v2\/posts\/17700"}],"collection":[{"href":"https:\/\/www.thereportzone.it\/index.php?rest_route=\/wp\/v2\/posts"}],"about":[{"href":"https:\/\/www.thereportzone.it\/index.php?rest_route=\/wp\/v2\/types\/post"}],"author":[{"embeddable":true,"href":"https:\/\/www.thereportzone.it\/index.php?rest_route=\/wp\/v2\/users\/2"}],"replies":[{"embeddable":true,"href":"https:\/\/www.thereportzone.it\/index.php?rest_route=%2Fwp%2Fv2%2Fcomments&post=17700"}],"version-history":[{"count":0,"href":"https:\/\/www.thereportzone.it\/index.php?rest_route=\/wp\/v2\/posts\/17700\/revisions"}],"wp:featuredmedia":[{"embeddable":true,"href":"https:\/\/www.thereportzone.it\/index.php?rest_route=\/"}],"wp:attachment":[{"href":"https:\/\/www.thereportzone.it\/index.php?rest_route=%2Fwp%2Fv2%2Fmedia&parent=17700"}],"wp:term":[{"taxonomy":"category","embeddable":true,"href":"https:\/\/www.thereportzone.it\/index.php?rest_route=%2Fwp%2Fv2%2Fcategories&post=17700"},{"taxonomy":"post_tag","embeddable":true,"href":"https:\/\/www.thereportzone.it\/index.php?rest_route=%2Fwp%2Fv2%2Ftags&post=17700"}],"curies":[{"name":"wp","href":"https:\/\/api.w.org\/{rel}","templated":true}]}}