{"id":17495,"date":"2017-11-29T21:40:45","date_gmt":"2017-11-29T20:40:45","guid":{"rendered":"http:\/\/www.thereportzone.it\/?p=17495"},"modified":"2017-11-29T21:40:45","modified_gmt":"2017-11-29T20:40:45","slug":"colpo-di-scena-nel-quadro-politico-provinciale-accordo-tra-zannini-e-ambrosca","status":"publish","type":"post","link":"https:\/\/www.thereportzone.it\/?p=17495","title":{"rendered":"Colpo di scena nel quadro politico Provinciale, accordo tra Zannini e Ambrosca"},"content":{"rendered":"<p>&nbsp;<br \/>\n&nbsp;<br \/>\n&nbsp;<br \/>\n<strong>NAPOLI<\/strong>. Il consigliere regionale Giovanni Zannini e l\u2019Avv. Raffaele Ambrosca siglano un accordo politico che li rende alleati e promotori del progetto de \u2018i Moderati\u201d ispirato da Zannini e attestatosi con circa 21 mila preferenze ponderate, quale prima formazione politica provinciale casertana. Ambrosca metter\u00e0 tutta la sua esperienza amministrativa per strutturare e rafforzare il progetto dei moderati all\u2019interno del quale rivestir\u00e0 un ruolo di primo piano sullo scenario privinciale. Zannini si schierer\u00e0 al fianco di Ambrosca candidato sindaco alle prossime amministrative. Il patto di ferro \u00e8 stato siglato ieri mattina a Napoli in Piazza dei Martiri. Zannini si \u00e8 detto &#8220;convinto della scelta di sostenere l\u2019amico Ambrosca che per esperienza politica ed amministrativa rappresenta certamente una garanzia assoluta per la ripartenza di Cancello ed Arnone. Sar\u00f2 a disposizione del suo progetto e chieder\u00f2 a tutti i miei amici di darmi una mano per raggiungere la vittoria in un clima di amicizia e di seriet\u00e0.&#8221; Il consigliere regionale ha inoltre aggiunto:&#8221; Profonder\u00f2 ogni sforzo per Raffaele e per quanti condivideranno il suo progetto amministrativo, per far s\u00ec che Cancello ed Arnone possa sfruttare ogni opportunit\u00e0 regionale in primis quelle offerte dal master plan del litorale Domitio.&#8221;<br \/>\nGiovanni Zannini<br \/>\n<img fetchpriority=\"high\" decoding=\"async\" class=\"aligncenter size-full wp-image-17496\" src=\"http:\/\/www.thereportzone.it\/wp-content\/uploads\/2017\/11\/IMG-20171129-WA0045.jpg\" alt=\"\" width=\"1199\" height=\"1600\" \/><\/p>\n","protected":false},"excerpt":{"rendered":"<p>&nbsp; &nbsp; &nbsp; NAPOLI. Il consigliere regionale Giovanni Zannini e l\u2019Avv. Raffaele Ambrosca siglano un accordo politico che<\/p>\n","protected":false},"author":2,"featured_media":17496,"comment_status":"closed","ping_status":"closed","sticky":false,"template":"","format":"standard","meta":{"sfsi_plus_gutenberg_text_before_share":"","sfsi_plus_gutenberg_show_text_before_share":"","sfsi_plus_gutenberg_icon_type":"","sfsi_plus_gutenberg_icon_alignemt":"","sfsi_plus_gutenburg_max_per_row":"","footnotes":""},"categories":[6,5,7,9],"tags":[],"class_list":["post-17495","post","type-post","status-publish","format-standard","has-post-thumbnail","hentry","category-caserta","category-mondragone","category-napoli","category-politica"],"_links":{"self":[{"href":"https:\/\/www.thereportzone.it\/index.php?rest_route=\/wp\/v2\/posts\/17495"}],"collection":[{"href":"https:\/\/www.thereportzone.it\/index.php?rest_route=\/wp\/v2\/posts"}],"about":[{"href":"https:\/\/www.thereportzone.it\/index.php?rest_route=\/wp\/v2\/types\/post"}],"author":[{"embeddable":true,"href":"https:\/\/www.thereportzone.it\/index.php?rest_route=\/wp\/v2\/users\/2"}],"replies":[{"embeddable":true,"href":"https:\/\/www.thereportzone.it\/index.php?rest_route=%2Fwp%2Fv2%2Fcomments&post=17495"}],"version-history":[{"count":0,"href":"https:\/\/www.thereportzone.it\/index.php?rest_route=\/wp\/v2\/posts\/17495\/revisions"}],"wp:featuredmedia":[{"embeddable":true,"href":"https:\/\/www.thereportzone.it\/index.php?rest_route=\/"}],"wp:attachment":[{"href":"https:\/\/www.thereportzone.it\/index.php?rest_route=%2Fwp%2Fv2%2Fmedia&parent=17495"}],"wp:term":[{"taxonomy":"category","embeddable":true,"href":"https:\/\/www.thereportzone.it\/index.php?rest_route=%2Fwp%2Fv2%2Fcategories&post=17495"},{"taxonomy":"post_tag","embeddable":true,"href":"https:\/\/www.thereportzone.it\/index.php?rest_route=%2Fwp%2Fv2%2Ftags&post=17495"}],"curies":[{"name":"wp","href":"https:\/\/api.w.org\/{rel}","templated":true}]}}