{"id":17312,"date":"2017-11-17T20:54:26","date_gmt":"2017-11-17T19:54:26","guid":{"rendered":"http:\/\/www.thereportzone.it\/?p=17312"},"modified":"2017-11-17T20:54:26","modified_gmt":"2017-11-17T19:54:26","slug":"armando-iacobucci-rappresentante-della-consulta-provinciale-risultato-storico","status":"publish","type":"post","link":"https:\/\/www.thereportzone.it\/?p=17312","title":{"rendered":"L&#8217;INTERVISTA &#8211; Il &#8220;Nifo&#8221; in Consulta: risultato storico. L&#8217;entusiasmo di Iacobucci"},"content":{"rendered":"<p>&nbsp;<br \/>\n&nbsp;<br \/>\n<strong>L&#8217;INTERVISTA<\/strong>. Grande soddisfazione per alunni, docenti e personale dell&#8217; ISISS \u201cA.Nifo\u201d, nelle sue sezioni di liceo classico, scientifico e artistico. E&#8217; infatti un risultato storico quello ottenuto da\u00a0<b>Armando Iacobucci<\/b>, della classe V B scientifico, rappresentante alla consulta provinciale studentesca di Caserta. Il giovane, che abbiamo intervistato per\u00a0<i>\u201cThe Report Zone\u201d<\/i>, \u00e8 stato eletto durante la prima seduta del parlamentino studentesco come componente dell&#8217;organo di garanzia della Consulta, cosa mai accaduta in precedenza per nessun altro rappresentante delle scuole del territorio.<br \/>\nIl compito affidatogli \u00e8 certamente di non poco spessore, dovendo coordinare l&#8217;azione di tutti i rappresentanti e dovendo riportare alcune delle questioni anche a livello regionale. A ricordargli l&#8217;onere del suo incarico ci pensano docenti e compagni, ma Armando \u00e8 un ragazzo brillante ed \u00e8 consapevole di ci\u00f2 che deve affrontare.<i>\u00a0<\/i><br \/>\n<i>\u201cIl momento \u00e8 sicuramente dei pi\u00f9 delicati\u201d<\/i>, dice Iacobucci,\u00a0<i>\u201csoprattutto nell&#8217;attuale contesto di disastro economico e sociale in cui la Provincia di Caserta versa. Ora pi\u00f9 che mai \u00e8 importante avere un ruolo attivo nella Consulta\u201d<\/i>.<br \/>\nIl conseguimento dell&#8217;obiettivo di essere eletto a tale carica assume per Iacobucci e per il territorio intero una valenza sicuramente maggiore di quella che potrebbe di solito avere, il rappresentante frequenta infatti l&#8217;Istituto venuto agli onori delle cronache perch\u00e8 protagonista della decisione dell&#8217;ex Presidente della Provincia Lavornia di chiudere alcune scuole del casertano.<br \/>\nAfferma Armando:\u00a0<i>\u201cSebbene frequenti un plesso diverso da quello del Classico<\/i>(l&#8217;unico che riguardava il decreto di chiusura n.d.r.)\u00a0<i>\u00e8 un mio chiaro dovere di rappresentante quello di tutelare tutti.<\/i>\u201d, e ancora,<i>\u00a0\u201cnel momento in cui \u00e8 stata ufficializzata la mia elezione ed \u00e8 partito l&#8217;applauso mi sono sovvenuti alla mente i volti dei miei amici del Classico quando temevano di perdere la loro scuola. Mi sono detto che la rappresentanza studentesca sarebbe ripartita da l\u00ec.\u201d<\/i>\u00a0L&#8217;entusiasmo di ragazzi ed insegnanti \u00e8 alle stelle, ma il \u201cconsultiere\u201d non si scompone:\u00a0<i>\u201cHo provato un forte orgoglio\u201d\u00a0<\/i>-continua-\u00a0<i>\u201crappresentare un territorio ed un&#8217;istituzione ad un livello cos\u00ec ampio \u00e8 un compito non da poco\u201d<\/i>.<br \/>\nIl ringraziamento pi\u00f9 sentito va sicuramente al Dirigente Scolastico e agli insegnanti:\u00a0<i>\u201cIl preside Abbate \u00e8 stato d&#8217;ispirazione per la mia azione, ha insegnato a tutti noi il valore di una lotta nuova, quella dai toni sereni e distesi, la quale tuttavia persegue sempre il suo obiettivo primario\u201d<\/i>.<br \/>\nE ovviamente l&#8217;abbraccio pi\u00f9 sincero \u00e8 quello per i compagni e gli amici:\u00a0<i>\u201cTutto ci\u00f2 \u00e8 stato possibile solo grazie ai miei compagni che mi hanno preferito alle elezioni, con la forza della parola e di un&#8217;azione programmatica decisa sono riuscito a ricevere 366 voti alle elezioni\u201d<\/i>, dunque,\u00a0<i>\u201cringrazio tutti uno ad uno, senza il loro supporto non sarei qui.\u201d<\/i>\u00a0Importante anche il risultato del secondo rappresentante del \u201cNifo\u201d, Alessio Cioppa, il quale viene nominato rappresentante della zona Sessa \u2013 Mondragone in Consulta Provinciale.\u00a0<i>\u201cIl risultato conseguito \u00e8 ancora pi\u00f9 incredibile\u201d<\/i>, commenta Armando,\u00a0<i>\u201cperch\u00e8 siamo riusciti ad ottenere la convergenza di tutti i rappresentanti della provincia sul nome mio e di Cioppa\u201d<\/i>. Iacobucci si complimenta con il collega:\u00a0<i>\u201cSono particolarmente contento per il risultato ottenuto da Alessio, lavoreremo insieme per il bene comune della scuola e del territorio cos\u00ec come abbiamo sempre fatto.\u201d<\/i>\u00a0Non ci resta che augurare in bocca al lupo ad Armando ed Alessio, speranzosi che faranno del loro meglio per la migliore rappresentanza possibile.<\/p>\n<p style=\"text-align: right;\" align=\"JUSTIFY\"><strong><em>Salvatore Mannillo<\/em><\/strong><\/p>\n<p><figure id=\"attachment_17313\" aria-describedby=\"caption-attachment-17313\" style=\"width: 792px\" class=\"wp-caption aligncenter\"><img fetchpriority=\"high\" decoding=\"async\" class=\"size-full wp-image-17313\" src=\"http:\/\/www.thereportzone.it\/wp-content\/uploads\/2017\/11\/ARMANDO-IACOBUCCI-FOTO.jpg\" alt=\"\" width=\"792\" height=\"782\" \/><figcaption id=\"caption-attachment-17313\" class=\"wp-caption-text\">Armando Iacobucci<\/figcaption><\/figure><br \/>\n&nbsp;<\/p>\n","protected":false},"excerpt":{"rendered":"<p>&nbsp; &nbsp; L&#8217;INTERVISTA. Grande soddisfazione per alunni, docenti e personale dell&#8217; ISISS \u201cA.Nifo\u201d, nelle sue sezioni di liceo<\/p>\n","protected":false},"author":2,"featured_media":17313,"comment_status":"closed","ping_status":"closed","sticky":false,"template":"","format":"standard","meta":{"sfsi_plus_gutenberg_text_before_share":"","sfsi_plus_gutenberg_show_text_before_share":"","sfsi_plus_gutenberg_icon_type":"","sfsi_plus_gutenberg_icon_alignemt":"","sfsi_plus_gutenburg_max_per_row":"","footnotes":""},"categories":[10,9,2968],"tags":[],"class_list":["post-17312","post","type-post","status-publish","format-standard","has-post-thumbnail","hentry","category-cultura","category-politica","category-sessa-aurunca"],"_links":{"self":[{"href":"https:\/\/www.thereportzone.it\/index.php?rest_route=\/wp\/v2\/posts\/17312"}],"collection":[{"href":"https:\/\/www.thereportzone.it\/index.php?rest_route=\/wp\/v2\/posts"}],"about":[{"href":"https:\/\/www.thereportzone.it\/index.php?rest_route=\/wp\/v2\/types\/post"}],"author":[{"embeddable":true,"href":"https:\/\/www.thereportzone.it\/index.php?rest_route=\/wp\/v2\/users\/2"}],"replies":[{"embeddable":true,"href":"https:\/\/www.thereportzone.it\/index.php?rest_route=%2Fwp%2Fv2%2Fcomments&post=17312"}],"version-history":[{"count":0,"href":"https:\/\/www.thereportzone.it\/index.php?rest_route=\/wp\/v2\/posts\/17312\/revisions"}],"wp:featuredmedia":[{"embeddable":true,"href":"https:\/\/www.thereportzone.it\/index.php?rest_route=\/"}],"wp:attachment":[{"href":"https:\/\/www.thereportzone.it\/index.php?rest_route=%2Fwp%2Fv2%2Fmedia&parent=17312"}],"wp:term":[{"taxonomy":"category","embeddable":true,"href":"https:\/\/www.thereportzone.it\/index.php?rest_route=%2Fwp%2Fv2%2Fcategories&post=17312"},{"taxonomy":"post_tag","embeddable":true,"href":"https:\/\/www.thereportzone.it\/index.php?rest_route=%2Fwp%2Fv2%2Ftags&post=17312"}],"curies":[{"name":"wp","href":"https:\/\/api.w.org\/{rel}","templated":true}]}}