{"id":17242,"date":"2017-11-14T10:36:28","date_gmt":"2017-11-14T09:36:28","guid":{"rendered":"http:\/\/www.thereportzone.it\/?p=17242"},"modified":"2017-11-14T10:36:28","modified_gmt":"2017-11-14T09:36:28","slug":"shock-a-sessa-aurunca-colto-da-malore-mentre-va-a-denunciare-il-furto-subito","status":"publish","type":"post","link":"https:\/\/www.thereportzone.it\/?p=17242","title":{"rendered":"SHOCK A SESSA AURUNCA &#8211; Colto da malore mentre va a denunciare il furto sub\u00ecto"},"content":{"rendered":"<p>&nbsp;<br \/>\n&nbsp;<br \/>\n<strong>SESSA AURUNCA<\/strong>. Una vera e propria tragedia quella che si \u00e8 consumata nella serata di ieri. Mario Zarro, un settantacinquenne pensionato, \u00e8 stato colto da un malore mentre si stava recando presso la stazione dei carabinieri per denunciare il furto sub\u00ecto nella sua abitazione.<br \/>\nSecondo una prima ricostruzione Zarro, rientrato a casa, si \u00e8 subito accorto che malviventi erano entrati in casa, derubandolo.<br \/>\nImmediatamente ha pensato di recarsi presso la stazione dei carabinieri per denunciare i fatti ma, durante il tragitto, \u00e8 stato colto da un malore che per lui \u00e8 stato fatale.<br \/>\nImmediati i soccorsi ma per il settantacinquenne non c&#8217;\u00e8 stato nulla da fare. La piccola comunit\u00e0 di Lauro di Sessa piange la morte di Mario Zarro.<br \/>\n&nbsp;<\/p>\n","protected":false},"excerpt":{"rendered":"<p>&nbsp; &nbsp; SESSA AURUNCA. Una vera e propria tragedia quella che si \u00e8 consumata nella serata di ieri.<\/p>\n","protected":false},"author":2,"featured_media":12908,"comment_status":"closed","ping_status":"closed","sticky":false,"template":"","format":"standard","meta":{"sfsi_plus_gutenberg_text_before_share":"","sfsi_plus_gutenberg_show_text_before_share":"","sfsi_plus_gutenberg_icon_type":"","sfsi_plus_gutenberg_icon_alignemt":"","sfsi_plus_gutenburg_max_per_row":"","footnotes":""},"categories":[8,2968],"tags":[],"class_list":["post-17242","post","type-post","status-publish","format-standard","has-post-thumbnail","hentry","category-cronaca","category-sessa-aurunca"],"_links":{"self":[{"href":"https:\/\/www.thereportzone.it\/index.php?rest_route=\/wp\/v2\/posts\/17242"}],"collection":[{"href":"https:\/\/www.thereportzone.it\/index.php?rest_route=\/wp\/v2\/posts"}],"about":[{"href":"https:\/\/www.thereportzone.it\/index.php?rest_route=\/wp\/v2\/types\/post"}],"author":[{"embeddable":true,"href":"https:\/\/www.thereportzone.it\/index.php?rest_route=\/wp\/v2\/users\/2"}],"replies":[{"embeddable":true,"href":"https:\/\/www.thereportzone.it\/index.php?rest_route=%2Fwp%2Fv2%2Fcomments&post=17242"}],"version-history":[{"count":0,"href":"https:\/\/www.thereportzone.it\/index.php?rest_route=\/wp\/v2\/posts\/17242\/revisions"}],"wp:featuredmedia":[{"embeddable":true,"href":"https:\/\/www.thereportzone.it\/index.php?rest_route=\/"}],"wp:attachment":[{"href":"https:\/\/www.thereportzone.it\/index.php?rest_route=%2Fwp%2Fv2%2Fmedia&parent=17242"}],"wp:term":[{"taxonomy":"category","embeddable":true,"href":"https:\/\/www.thereportzone.it\/index.php?rest_route=%2Fwp%2Fv2%2Fcategories&post=17242"},{"taxonomy":"post_tag","embeddable":true,"href":"https:\/\/www.thereportzone.it\/index.php?rest_route=%2Fwp%2Fv2%2Ftags&post=17242"}],"curies":[{"name":"wp","href":"https:\/\/api.w.org\/{rel}","templated":true}]}}