{"id":16719,"date":"2017-09-30T11:10:55","date_gmt":"2017-09-30T09:10:55","guid":{"rendered":"http:\/\/www.thereportzone.it\/?p=16719"},"modified":"2017-09-30T11:10:55","modified_gmt":"2017-09-30T09:10:55","slug":"falciano-bene-comune-da-lunedi-servizio-mensa-scolastica","status":"publish","type":"post","link":"https:\/\/www.thereportzone.it\/?p=16719","title":{"rendered":"FALCIANO BENE COMUNE: DA LUNED\u00cc SERVIZIO MENSA SCOLASTICA"},"content":{"rendered":"<p>&nbsp;<br \/>\n&nbsp;<br \/>\n<strong>FALCIANO<\/strong>. Comunicato stampa su mensa scolastica.<br \/>\nLuned\u00ec 2 Ottobre avr\u00e0 inizio il servizio di mensa scolastica per i bambini della scuola dell&#8217;infanzia. Ancora una dimostrazione d\u00ec efficienza e determinazione di questa amministrazione che ha voluto fortemente anticipare questo servizio per venire incontro alle esigenze delle famiglie e della comunit\u00e0 falcianese.<br \/>\nPer la prima volta si inizier\u00e0 ad Ottobre, un mese prima rispetto agli altri anni, raggiungendo in modo rapido uno degli obiettivi promessi in campagna elettorale.<br \/>\nDare attenzione ai nostri bambini ed alle famiglie tutte \u00e8 uno dei nostri obiettivi su cui impegnarci costantemente.<\/p>\n<p style=\"text-align: right;\"><strong><em>Falciano Bene Comune<\/em><\/strong><\/p>\n","protected":false},"excerpt":{"rendered":"<p>&nbsp; &nbsp; FALCIANO. Comunicato stampa su mensa scolastica. Luned\u00ec 2 Ottobre avr\u00e0 inizio il servizio di mensa scolastica<\/p>\n","protected":false},"author":2,"featured_media":14982,"comment_status":"closed","ping_status":"closed","sticky":false,"template":"","format":"standard","meta":{"sfsi_plus_gutenberg_text_before_share":"","sfsi_plus_gutenberg_show_text_before_share":"","sfsi_plus_gutenberg_icon_type":"","sfsi_plus_gutenberg_icon_alignemt":"","sfsi_plus_gutenburg_max_per_row":"","footnotes":""},"categories":[4,9],"tags":[4828,4001,3606],"class_list":["post-16719","post","type-post","status-publish","format-standard","has-post-thumbnail","hentry","category-falciano","category-politica","tag-falciano-bene-comune","tag-mensa-scolastica","tag-sindaco-falciano"],"_links":{"self":[{"href":"https:\/\/www.thereportzone.it\/index.php?rest_route=\/wp\/v2\/posts\/16719"}],"collection":[{"href":"https:\/\/www.thereportzone.it\/index.php?rest_route=\/wp\/v2\/posts"}],"about":[{"href":"https:\/\/www.thereportzone.it\/index.php?rest_route=\/wp\/v2\/types\/post"}],"author":[{"embeddable":true,"href":"https:\/\/www.thereportzone.it\/index.php?rest_route=\/wp\/v2\/users\/2"}],"replies":[{"embeddable":true,"href":"https:\/\/www.thereportzone.it\/index.php?rest_route=%2Fwp%2Fv2%2Fcomments&post=16719"}],"version-history":[{"count":0,"href":"https:\/\/www.thereportzone.it\/index.php?rest_route=\/wp\/v2\/posts\/16719\/revisions"}],"wp:featuredmedia":[{"embeddable":true,"href":"https:\/\/www.thereportzone.it\/index.php?rest_route=\/"}],"wp:attachment":[{"href":"https:\/\/www.thereportzone.it\/index.php?rest_route=%2Fwp%2Fv2%2Fmedia&parent=16719"}],"wp:term":[{"taxonomy":"category","embeddable":true,"href":"https:\/\/www.thereportzone.it\/index.php?rest_route=%2Fwp%2Fv2%2Fcategories&post=16719"},{"taxonomy":"post_tag","embeddable":true,"href":"https:\/\/www.thereportzone.it\/index.php?rest_route=%2Fwp%2Fv2%2Ftags&post=16719"}],"curies":[{"name":"wp","href":"https:\/\/api.w.org\/{rel}","templated":true}]}}