{"id":16659,"date":"2017-09-25T15:33:40","date_gmt":"2017-09-25T13:33:40","guid":{"rendered":"http:\/\/www.thereportzone.it\/?p=16659"},"modified":"2017-09-25T15:33:40","modified_gmt":"2017-09-25T13:33:40","slug":"falciano-falerno-fest-importanti-novita-nella-xix-edizione-del-concorso-enologico","status":"publish","type":"post","link":"https:\/\/www.thereportzone.it\/?p=16659","title":{"rendered":"FALCIANO &#8211; Falerno Fest: importanti novit\u00e0 nella XIX Edizione del Concorso Enologico"},"content":{"rendered":"<p>&nbsp;<br \/>\n&nbsp;<br \/>\n&nbsp;<br \/>\n<strong>FALCIANO<\/strong>. <em><strong>Falerno Fest<\/strong><\/em>: un concorso enologico che giunge alla sua XIX Edizione e che ha ancora tanto da raccontare, che punta alla totale valorizzazione di questo prodotto, il Vino Falerno e facendo passare, attraverso questo, la conoscenza storica di un territorio ricco di risorse.<br \/>\nGrandi novit\u00e0 in programma per questa nuova edizione. In primis si \u00e8 scelto di &#8220;spalmare&#8221; l&#8217;evento in due serate. Elemento non di poco conto visto che, cos\u00ec facendo, si potr\u00e0 godere a 360\u00b0 dello spettacolare scenario del centro storico di Falciano del Massico.<br \/>\nLa prima serata, infatti (quella del 30 settembre), si svolger\u00e0 in Piazza San Pietro, con il &#8220;Concorso Miglior Vino del Contadino&#8221;, mentre, la seconda e ultima serata (quella del 1 ottobre), si svolger\u00e0 in Piazza Limata, estendendo l&#8217;installazione degli stand verso l&#8217;interno e, dunque, verso quell&#8217;altro meraviglioso angolo di Falciano, Corso del Re.<br \/>\n<figure id=\"attachment_15689\" aria-describedby=\"caption-attachment-15689\" style=\"width: 150px\" class=\"wp-caption alignright\"><img decoding=\"async\" class=\"wp-image-15689 size-thumbnail\" src=\"http:\/\/www.thereportzone.it\/wp-content\/uploads\/2017\/07\/erasmo-fava-1-150x150.jpg\" alt=\"\" width=\"150\" height=\"150\" \/><figcaption id=\"caption-attachment-15689\" class=\"wp-caption-text\">Il sindaco Erasmo Fava<\/figcaption><\/figure><br \/>\nDue serate piene di eventi e di attrazioni capaci di portare, su Falciano, un interesse pi\u00f9 esteso. Lo stesso primo cittadino, <em><strong>Erasmo Fava<\/strong><\/em>, ha dichiarato: &#8220;<em>Sar\u00e0 una festa che vedr\u00e0 la presenza sul territorio di Falciano di personalit\u00e0 ed esperti del settore di caratura nazionale, in modo da dare all&#8217;evento un forte impatto mediatico per il nostro vino Falerno&#8221;.\u00a0<\/em><br \/>\nInteressante anche l&#8217;intervento del consigliere<em><strong> Geppino De Santis <\/strong><\/em>in merito alla scelta di voler svolgere l&#8217;evento nelle due piazze storiche del paese: &#8220;<em>Sono stato tra i primi a volere che l&#8217;evento toccasse tutte e due le piazze del centro storico di Falciano, ricevendo immediato appoggio da tutti i miei compagni di squadra. Piazza San Pietro ha un potenziale attrattivo inestimabile e noi, poco a poco, saremo capaci di dare valore alle storiche mura di questa Piazza&#8221;<\/em>.<br \/>\n<figure id=\"attachment_14340\" aria-describedby=\"caption-attachment-14340\" style=\"width: 150px\" class=\"wp-caption alignright\"><img decoding=\"async\" class=\"wp-image-14340 size-thumbnail\" src=\"http:\/\/www.thereportzone.it\/wp-content\/uploads\/2017\/03\/17740985_10211794346910879_2137857621_n-150x150.jpg\" alt=\"\" width=\"150\" height=\"150\" \/><figcaption id=\"caption-attachment-14340\" class=\"wp-caption-text\">Il consigliere Geppino De Santis<\/figcaption><\/figure><br \/>\nOttima l&#8217;organizzazione messa su&#8217; dall&#8217;intera amministrazione comunale insieme alle aziende vinicole del territorio, alla Confraternita del Falerno ed insieme a quelle Associazioni divenute ormai storiche a Falciano del Massico. Insomma, un evento che racchiude tutto quello che, un partecipante, si aspetta di trovare: degustazioni; laboratori; musica; visite in cantina; gastronomia e molto altro ancora. Intanto in rete \u00e8 anche stato lanciato l&#8217;hashtag\u00a0\u00a0<span style=\"color: #0000ff;\"><a href=\"https:\/\/www.facebook.com\/hashtag\/falernofest?source=feed_text&amp;story_id=10209902734260716&amp;pnref=story\"><strong><em>#FalernoFest<\/em><\/strong>.<\/a><\/span><br \/>\nQui di seguito le due locandine in allegato: una riguarda la prima serata del 30 settembre, l&#8217;altra riguarda la seconda e ultima serata del 1 ottobre. Buon Falerno Fest a tutti.<br \/>\n&nbsp;<br \/>\n<img fetchpriority=\"high\" decoding=\"async\" class=\"aligncenter size-full wp-image-16660\" src=\"http:\/\/www.thereportzone.it\/wp-content\/uploads\/2017\/09\/21616010_10209914048223558_3489329994854992334_n.jpg\" alt=\"\" width=\"672\" height=\"960\" \/><br \/>\n&nbsp;<br \/>\n<img loading=\"lazy\" decoding=\"async\" class=\"aligncenter size-full wp-image-16661\" src=\"http:\/\/www.thereportzone.it\/wp-content\/uploads\/2017\/09\/21617482_10209914048343561_9015845140638989678_n.jpg\" alt=\"\" width=\"672\" height=\"960\" \/><\/p>\n","protected":false},"excerpt":{"rendered":"<p>&nbsp; &nbsp; &nbsp; FALCIANO. Falerno Fest: un concorso enologico che giunge alla sua XIX Edizione e che ha<\/p>\n","protected":false},"author":2,"featured_media":16662,"comment_status":"closed","ping_status":"closed","sticky":false,"template":"","format":"standard","meta":{"sfsi_plus_gutenberg_text_before_share":"","sfsi_plus_gutenberg_show_text_before_share":"","sfsi_plus_gutenberg_icon_type":"","sfsi_plus_gutenberg_icon_alignemt":"","sfsi_plus_gutenburg_max_per_row":"","footnotes":""},"categories":[10,4,9],"tags":[4948,4822,4949,4950,3605,2795,4951],"class_list":["post-16659","post","type-post","status-publish","format-standard","has-post-thumbnail","hentry","category-cultura","category-falciano","category-politica","tag-amministrazione-falciano","tag-falciano-sindaco","tag-falerno-fest","tag-falernofest","tag-politica-falciano","tag-vino-falerno","tag-vino-falerno-falciano-del-massico"],"_links":{"self":[{"href":"https:\/\/www.thereportzone.it\/index.php?rest_route=\/wp\/v2\/posts\/16659"}],"collection":[{"href":"https:\/\/www.thereportzone.it\/index.php?rest_route=\/wp\/v2\/posts"}],"about":[{"href":"https:\/\/www.thereportzone.it\/index.php?rest_route=\/wp\/v2\/types\/post"}],"author":[{"embeddable":true,"href":"https:\/\/www.thereportzone.it\/index.php?rest_route=\/wp\/v2\/users\/2"}],"replies":[{"embeddable":true,"href":"https:\/\/www.thereportzone.it\/index.php?rest_route=%2Fwp%2Fv2%2Fcomments&post=16659"}],"version-history":[{"count":0,"href":"https:\/\/www.thereportzone.it\/index.php?rest_route=\/wp\/v2\/posts\/16659\/revisions"}],"wp:featuredmedia":[{"embeddable":true,"href":"https:\/\/www.thereportzone.it\/index.php?rest_route=\/"}],"wp:attachment":[{"href":"https:\/\/www.thereportzone.it\/index.php?rest_route=%2Fwp%2Fv2%2Fmedia&parent=16659"}],"wp:term":[{"taxonomy":"category","embeddable":true,"href":"https:\/\/www.thereportzone.it\/index.php?rest_route=%2Fwp%2Fv2%2Fcategories&post=16659"},{"taxonomy":"post_tag","embeddable":true,"href":"https:\/\/www.thereportzone.it\/index.php?rest_route=%2Fwp%2Fv2%2Ftags&post=16659"}],"curies":[{"name":"wp","href":"https:\/\/api.w.org\/{rel}","templated":true}]}}