{"id":16637,"date":"2017-09-24T12:52:47","date_gmt":"2017-09-24T10:52:47","guid":{"rendered":"http:\/\/www.thereportzone.it\/?p=16637"},"modified":"2017-09-24T12:52:47","modified_gmt":"2017-09-24T10:52:47","slug":"francesco-paolino-un-indipendente-di-sinistra-candidato-al-coniglio-provinciale-nella-lista-de-i-moderati-dellon-giovanni-zannini","status":"publish","type":"post","link":"https:\/\/www.thereportzone.it\/?p=16637","title":{"rendered":"Francesco Paolino, un indipendente di sinistra candidato al consiglio provinciale nella lista de I Moderati dell\u2019On. Giovanni Zannini"},"content":{"rendered":"<p>&nbsp;<br \/>\n&nbsp;<br \/>\n<strong>POLITICA<\/strong>.\u00a0A poche ore dalla consegna ufficiale delle liste per le elezioni provinciali, tra le quali figura quella de \u201ci moderati\u201d a sostegno di Carlo Marino, costruita dall\u2019onorevole regionale Giovanni Zannini, il consigliere comunale di San Prisco nonch\u00e9 assessore con delega all\u2019ambiente e all\u2019istruzione, Francesco Paolino spiega le motivazioni che lo hanno spinto alla candidatura nella competizione provinciale &#8211; \u201cHo deciso di candidarmi con l\u2019ambizione di poter portare in consiglio provinciale le istanze degli ultimi, rappresentare un punto di vista diverso da quello che oggi anima la politica nazionale e locale\u201d.<br \/>\nUna competizione non facile, che per molti aspetti sembra ormai ridursi a manovre politiche di palazzo &#8211; \u201cSono cosciente dell\u2019assurdo sistema che regola questa competizione elettorale, ma ritengo sia un errore tirarsi indietro e sono convinto, anzi, che l&#8217;operato di un ente di secondo livello abbisogni di maggiore attenzione e vigilanza; occorre portare in Consiglio provinciale una voce di sinistra su temi come la scuola, il dissesto idrogeologico, la rete infrastrutturale; e bisogna farlo con seriet\u00e0 e spirito di collaborazione, evitando di scadere nella vacuit\u00e0 dello spot elettorale come troppo spesso accade \u201d.<br \/>\nPaolino, membro del comitato promotore provinciale di Articolo1 \u2013 MDP, appoggiato ufficialmente dai Verdi, sostenuto da importanti settori dell&#8217;associazionismo casertano e da tanto civismo di carattere progressista, dichiara con forza la sua indipendenza dai soggetti che animano la lista ribadendo la sua identit\u00e0 di candidato di sinistra &#8211; \u201cCredo fermamente che occorra costruire un nuovo soggetto a sinistra, riformista e progressista, un soggetto unico che sappia per esempio dedicare pi\u00f9 che un paragrafo ad un tema come l\u2019ambiente, che nella nostra amata provincia si fa purtroppo metafora e chiave di lettura privilegiata di questioni inerenti la legalit\u00e0, la presenza dello stato, la salute, il dramma sociale.<br \/>\nLavorer\u00f2 costantemente ad unire, per essere voce di chi sul territorio condivide queste battaglie ed intende contribuire ad affrontarle giorno per giorno in una prospettiva di governo; non \u201cun uomo solo al comando\u201d ma un collettivo che abbia l\u2019ambizione e la convinzione di guardare lontano. Voglio dunque porre questa candidatura a disposizione di una nuova stagione a sinistra in questa provincia, distante e dai poteri forti e dalle improvvisazioni demagogiche e populiste.<br \/>\nRingrazio Giovanni Zannini per la disponibilit\u00e0 ad includermi nel suo progetto senza porre alcuna barriera di tipo ideologico o di appartenza. Naturalmente sto gi\u00e0 dando e dar\u00f2 il massimo, con la ferma convinzione che, se tutti sapremo cogliere l\u2019importanza di portare, in seno al consiglio provinciale, una visione di Governo che guardi a sinistra, questa sfida sar\u00e0 vinta \u201d.<br \/>\n&nbsp;<br \/>\n<figure id=\"attachment_16638\" aria-describedby=\"caption-attachment-16638\" style=\"width: 321px\" class=\"wp-caption aligncenter\"><img fetchpriority=\"high\" decoding=\"async\" class=\"size-full wp-image-16638\" src=\"http:\/\/www.thereportzone.it\/wp-content\/uploads\/2017\/09\/IMG-20170924-WA0062.jpg\" alt=\"\" width=\"321\" height=\"321\" \/><figcaption id=\"caption-attachment-16638\" class=\"wp-caption-text\">Francesco Paolino<\/figcaption><\/figure><\/p>\n","protected":false},"excerpt":{"rendered":"<p>&nbsp; &nbsp; POLITICA.\u00a0A poche ore dalla consegna ufficiale delle liste per le elezioni provinciali, tra le quali figura<\/p>\n","protected":false},"author":2,"featured_media":16638,"comment_status":"closed","ping_status":"closed","sticky":false,"template":"","format":"standard","meta":{"sfsi_plus_gutenberg_text_before_share":"","sfsi_plus_gutenberg_show_text_before_share":"","sfsi_plus_gutenberg_icon_type":"","sfsi_plus_gutenberg_icon_alignemt":"","sfsi_plus_gutenburg_max_per_row":"","footnotes":""},"categories":[6,9],"tags":[],"class_list":["post-16637","post","type-post","status-publish","format-standard","has-post-thumbnail","hentry","category-caserta","category-politica"],"_links":{"self":[{"href":"https:\/\/www.thereportzone.it\/index.php?rest_route=\/wp\/v2\/posts\/16637"}],"collection":[{"href":"https:\/\/www.thereportzone.it\/index.php?rest_route=\/wp\/v2\/posts"}],"about":[{"href":"https:\/\/www.thereportzone.it\/index.php?rest_route=\/wp\/v2\/types\/post"}],"author":[{"embeddable":true,"href":"https:\/\/www.thereportzone.it\/index.php?rest_route=\/wp\/v2\/users\/2"}],"replies":[{"embeddable":true,"href":"https:\/\/www.thereportzone.it\/index.php?rest_route=%2Fwp%2Fv2%2Fcomments&post=16637"}],"version-history":[{"count":0,"href":"https:\/\/www.thereportzone.it\/index.php?rest_route=\/wp\/v2\/posts\/16637\/revisions"}],"wp:featuredmedia":[{"embeddable":true,"href":"https:\/\/www.thereportzone.it\/index.php?rest_route=\/"}],"wp:attachment":[{"href":"https:\/\/www.thereportzone.it\/index.php?rest_route=%2Fwp%2Fv2%2Fmedia&parent=16637"}],"wp:term":[{"taxonomy":"category","embeddable":true,"href":"https:\/\/www.thereportzone.it\/index.php?rest_route=%2Fwp%2Fv2%2Fcategories&post=16637"},{"taxonomy":"post_tag","embeddable":true,"href":"https:\/\/www.thereportzone.it\/index.php?rest_route=%2Fwp%2Fv2%2Ftags&post=16637"}],"curies":[{"name":"wp","href":"https:\/\/api.w.org\/{rel}","templated":true}]}}