{"id":16289,"date":"2017-08-21T15:13:51","date_gmt":"2017-08-21T13:13:51","guid":{"rendered":"http:\/\/www.thereportzone.it\/?p=16289"},"modified":"2017-08-21T15:13:51","modified_gmt":"2017-08-21T13:13:51","slug":"falciano-rifiuti-speciali-parla-lassessore-antonietta-rucco","status":"publish","type":"post","link":"https:\/\/www.thereportzone.it\/?p=16289","title":{"rendered":"FALCIANO &#8211; Rifiuti speciali, parla l&#8217;Assessore Antonietta Rucco"},"content":{"rendered":"<p>&nbsp;<br \/>\n&nbsp;<br \/>\n<strong>FALCIANO<\/strong>. In merito alla nota divulgata dall&#8217;associazione DEA, arredata di materiale fotografico, abbiamo contattato telefonicamente l&#8217;Assessore all&#8217;Ecologia\u00a0<strong>Antonietta Rucco<\/strong>, per farci spiegare lo stato reale delle cose e come l&#8217;amministrazione intende intervenire.<br \/>\n&nbsp;<br \/>\n&#8220;<em>La situazione \u00e8 sotto controllo ed abbiamo gi\u00e0 contattato diverse ditte per mettere in campo l&#8217;intervento pi\u00f9 efficace e responsabile<\/em>&#8220;. Esordisce cos\u00ec l&#8217;Assessore che poi continua: &#8220;G<em>i\u00e0 stamattina avevamo in programma un incontro con la ditta per il recupero e lo smaltimento dei rifiuti speciali, incontro che \u00e8 slittato a mercoled\u00ec mattina<\/em>&#8220;.<br \/>\n&nbsp;<br \/>\n&#8220;<em>Il caso nello specifico riguarda un problema che risale a diversi mesi fa e, io con la mia squadra amministrativa, abbiamo gi\u00e0 fatto un giro dei siti in cui vi sono rifiuti speciali. Abbiamo deciso di contattare diverse ditte per poi scegliere quella che potesse offrire il miglior servizio. Si tratta anche di responsabilit\u00e0: non possiamo affidare un servizio del genere ad una ditta qualsiasi perch\u00e9 la catena di rimozione, trasporto e smaltimento dei rifiuti in questione, non \u00e8 cosa da poco e bisogna agire in massima sicurezza<\/em>&#8220;.<br \/>\n&nbsp;<br \/>\nInfine l&#8217;Assessore conclude dicendo: &#8220;<em>Per quanto riguarda lo smaltimento, invece, degli ingombranti, ci siamo gi\u00e0 mobilitati, ed in molti casi siamo gi\u00e0 intervenuti, attraverso la ditta Cite, impegnata nella raccolta dei rifiuti urbani, altri interventi sono in programma&#8221;.\u00a0<\/em><br \/>\nNelle prossime ore, dunque, si decideranno definitivamente i tempi e le modalit\u00e0 di intervento sui rifiuti speciali.<\/p>\n","protected":false},"excerpt":{"rendered":"<p>&nbsp; &nbsp; FALCIANO. In merito alla nota divulgata dall&#8217;associazione DEA, arredata di materiale fotografico, abbiamo contattato telefonicamente l&#8217;Assessore<\/p>\n","protected":false},"author":2,"featured_media":16099,"comment_status":"closed","ping_status":"closed","sticky":false,"template":"","format":"standard","meta":{"sfsi_plus_gutenberg_text_before_share":"","sfsi_plus_gutenberg_show_text_before_share":"","sfsi_plus_gutenberg_icon_type":"","sfsi_plus_gutenberg_icon_alignemt":"","sfsi_plus_gutenburg_max_per_row":"","footnotes":""},"categories":[4,9],"tags":[4940,4822,4914],"class_list":["post-16289","post","type-post","status-publish","format-standard","has-post-thumbnail","hentry","category-falciano","category-politica","tag-ecologia-falciano","tag-falciano-sindaco","tag-falciano-sindaco-fava"],"_links":{"self":[{"href":"https:\/\/www.thereportzone.it\/index.php?rest_route=\/wp\/v2\/posts\/16289"}],"collection":[{"href":"https:\/\/www.thereportzone.it\/index.php?rest_route=\/wp\/v2\/posts"}],"about":[{"href":"https:\/\/www.thereportzone.it\/index.php?rest_route=\/wp\/v2\/types\/post"}],"author":[{"embeddable":true,"href":"https:\/\/www.thereportzone.it\/index.php?rest_route=\/wp\/v2\/users\/2"}],"replies":[{"embeddable":true,"href":"https:\/\/www.thereportzone.it\/index.php?rest_route=%2Fwp%2Fv2%2Fcomments&post=16289"}],"version-history":[{"count":0,"href":"https:\/\/www.thereportzone.it\/index.php?rest_route=\/wp\/v2\/posts\/16289\/revisions"}],"wp:featuredmedia":[{"embeddable":true,"href":"https:\/\/www.thereportzone.it\/index.php?rest_route=\/"}],"wp:attachment":[{"href":"https:\/\/www.thereportzone.it\/index.php?rest_route=%2Fwp%2Fv2%2Fmedia&parent=16289"}],"wp:term":[{"taxonomy":"category","embeddable":true,"href":"https:\/\/www.thereportzone.it\/index.php?rest_route=%2Fwp%2Fv2%2Fcategories&post=16289"},{"taxonomy":"post_tag","embeddable":true,"href":"https:\/\/www.thereportzone.it\/index.php?rest_route=%2Fwp%2Fv2%2Ftags&post=16289"}],"curies":[{"name":"wp","href":"https:\/\/api.w.org\/{rel}","templated":true}]}}