{"id":16135,"date":"2017-08-08T20:59:19","date_gmt":"2017-08-08T18:59:19","guid":{"rendered":"http:\/\/www.thereportzone.it\/?p=16135"},"modified":"2017-08-08T20:59:19","modified_gmt":"2017-08-08T18:59:19","slug":"falciano-festa-san-rocco-grandi-artisti-in-programma-ecco-il-calendario","status":"publish","type":"post","link":"https:\/\/www.thereportzone.it\/?p=16135","title":{"rendered":"FALCIANO &#8211; Festa San Rocco, grandi artisti in programma: ecco il calendario"},"content":{"rendered":"<p>&nbsp;<br \/>\n&nbsp;<br \/>\n<strong>FALCIANO<\/strong>. La Festa Patronale in onore di San Rocco \u00e8 ormai alle porte, ancora pochi giorni ed inizier\u00e0 la grande manifestazione che quest&#8217;anno si arricchisce con gli spettacoli di grandi musicisti. Il calendario \u00e8 gi\u00e0 stato ultimato e dunque questi saranno gli artisti che si esibiranno:<br \/>\n&nbsp;<br \/>\nSi parte il 15 Agosto con Enrico Capuano e la sua Tammurriata Rock. L&#8217;artista torna a suonare nel suo luogo d&#8217;origine, Falciano del Massico. Il suo spettacolo avr\u00e0 un significato particolare.<br \/>\n<img fetchpriority=\"high\" decoding=\"async\" class=\"aligncenter size-full wp-image-16136\" src=\"http:\/\/www.thereportzone.it\/wp-content\/uploads\/2017\/08\/IMG-20170808-WA0036.jpg\" alt=\"\" width=\"1080\" height=\"1440\" \/><br \/>\n&nbsp;<br \/>\nSi continua il 16 Agosto con il grande spettacolo di cabaret. Qui di seguito tutti gli artisti.<br \/>\n<img decoding=\"async\" class=\"aligncenter size-full wp-image-16137\" src=\"http:\/\/www.thereportzone.it\/wp-content\/uploads\/2017\/08\/IMG-20170808-WA0035.jpg\" alt=\"\" width=\"1080\" height=\"1440\" \/><br \/>\n&nbsp;<br \/>\nIl 17 Agosto sar\u00e0 la volta del concerto bandistico.<br \/>\n<img decoding=\"async\" class=\"aligncenter size-full wp-image-16138\" src=\"http:\/\/www.thereportzone.it\/wp-content\/uploads\/2017\/08\/IMG-20170808-WA0034.jpg\" alt=\"\" width=\"1080\" height=\"1440\" \/><br \/>\nSi chiuder\u00e0 il 18 Agosto con il concerto finale di Enzo Avitabile, artista conosciuto, ormai, in tutto il mondo.<br \/>\n<img loading=\"lazy\" decoding=\"async\" class=\"aligncenter size-full wp-image-16139\" src=\"http:\/\/www.thereportzone.it\/wp-content\/uploads\/2017\/08\/IMG-20170803-WA0024.jpg\" alt=\"\" width=\"1080\" height=\"1440\" \/><\/p>\n","protected":false},"excerpt":{"rendered":"<p>&nbsp; &nbsp; FALCIANO. La Festa Patronale in onore di San Rocco \u00e8 ormai alle porte, ancora pochi giorni<\/p>\n","protected":false},"author":2,"featured_media":16139,"comment_status":"closed","ping_status":"closed","sticky":false,"template":"","format":"standard","meta":{"sfsi_plus_gutenberg_text_before_share":"","sfsi_plus_gutenberg_show_text_before_share":"","sfsi_plus_gutenberg_icon_type":"","sfsi_plus_gutenberg_icon_alignemt":"","sfsi_plus_gutenburg_max_per_row":"","footnotes":""},"categories":[10,4],"tags":[4847,5104,5116,5174],"class_list":["post-16135","post","type-post","status-publish","format-standard","has-post-thumbnail","hentry","category-cultura","category-falciano","tag-falciano-cultura","tag-falciano-festa-patronale","tag-festa-falciano","tag-festa-patronale-san-rocco"],"_links":{"self":[{"href":"https:\/\/www.thereportzone.it\/index.php?rest_route=\/wp\/v2\/posts\/16135"}],"collection":[{"href":"https:\/\/www.thereportzone.it\/index.php?rest_route=\/wp\/v2\/posts"}],"about":[{"href":"https:\/\/www.thereportzone.it\/index.php?rest_route=\/wp\/v2\/types\/post"}],"author":[{"embeddable":true,"href":"https:\/\/www.thereportzone.it\/index.php?rest_route=\/wp\/v2\/users\/2"}],"replies":[{"embeddable":true,"href":"https:\/\/www.thereportzone.it\/index.php?rest_route=%2Fwp%2Fv2%2Fcomments&post=16135"}],"version-history":[{"count":0,"href":"https:\/\/www.thereportzone.it\/index.php?rest_route=\/wp\/v2\/posts\/16135\/revisions"}],"wp:featuredmedia":[{"embeddable":true,"href":"https:\/\/www.thereportzone.it\/index.php?rest_route=\/"}],"wp:attachment":[{"href":"https:\/\/www.thereportzone.it\/index.php?rest_route=%2Fwp%2Fv2%2Fmedia&parent=16135"}],"wp:term":[{"taxonomy":"category","embeddable":true,"href":"https:\/\/www.thereportzone.it\/index.php?rest_route=%2Fwp%2Fv2%2Fcategories&post=16135"},{"taxonomy":"post_tag","embeddable":true,"href":"https:\/\/www.thereportzone.it\/index.php?rest_route=%2Fwp%2Fv2%2Ftags&post=16135"}],"curies":[{"name":"wp","href":"https:\/\/api.w.org\/{rel}","templated":true}]}}