{"id":15987,"date":"2017-07-28T13:23:30","date_gmt":"2017-07-28T11:23:30","guid":{"rendered":"http:\/\/www.thereportzone.it\/?p=15987"},"modified":"2017-07-28T13:23:30","modified_gmt":"2017-07-28T11:23:30","slug":"lunarte-11-parte-la-campagna-martefunding-sosteniamo-la-cultura","status":"publish","type":"post","link":"https:\/\/www.thereportzone.it\/?p=15987","title":{"rendered":"LUNARTE 11 &#8211; Parte la campagna Martefunding. Sosteniamo la cultura"},"content":{"rendered":"<p>&nbsp;<br \/>\n&nbsp;<br \/>\n<strong>CULTURA<\/strong>. LUNARTE 11 \u00e8 ormai alle porte. Il 26 Agosto, a Casanova di Carinola, presso Borgo Carani, andr\u00e0 in scena l&#8217;undicesima edizione di questo meraviglioso festival culturale, artistico, musicale e molto altro ancora.<br \/>\nLUNARTE \u00e8 stato capace negli anni di portare, nel piccolo Borgo Carani, artisti provenienti da ogni parte del\u00a0mondo, offrendo al pubblico momenti di profonda cultura e divertimento. Musica, teatro, fotografia, arti grafiche e visive, concerti, tutto racchiuso in una manifestazione che negli anni \u00e8 andata affermandosi sempre pi\u00f9, fino a diventare un vero punto di riferimento tra i festival estivi.<br \/>\nQuest&#8217;anno, in occasione dell&#8217; undicesima edizione, l&#8217;organizzazione di LUNARTE ha lanciato il progetto <strong><em>Martefunding<\/em><em>:<\/em><\/strong> la possibilit\u00e0 di contribuire al festival, ricevendo in cambio premi &#8211; ricompensa. Per tutte le info vi invitiamo a visitare il sito\u00a0<a href=\"http:\/\/martefunding.org\/categorie\/85-festival\/42-lunarte\">http:\/\/martefunding.org\/categorie\/85-festival\/42-lunarte<\/a><br \/>\n&nbsp;<br \/>\nEcco come funziona:<br \/>\n<em>LUNARTE\u00a0\u00e8 un appuntamento che si svolge ogni estate nella frazione di Casanova di Carinola (CE). Nato nel 2007 da un\u2019idea dell\u2019associazione Circuito Socio-Culturale Caleno, con la collaborazione di Et\u00e9rnit e il patrocinio del Comune di Carinola, Lunarte ospita da undici anni nei vicoli, nelle piazze e nei cortili delle case un vasto programma di spettacoli teatrali, musicali, mostre e progetti di varia natura artistica e sociale offerti al pubblico gratuitamente.\u00a0<\/em><br \/>\n<em>Anche quest&#8217;anno siamo pieni di idee e di energie per un progetto che diventa sempre pi\u00f9 prestigioso e impegnativo. Quella che undici anni fa \u00e8 nata come una sfida, nutrita dall&#8217;entusiasmo e dalla volont\u00e0 di valorizzare attraverso performance artistiche e mostre\u00a0 alcuni borghi di Carinola, \u00e8 diventata una realt\u00e0 riconosciuta oltre i confini nazionali. Il nostro festival \u00e8 atteso come prestigioso appuntamento per artisti, spettatori e operatori.\u00a0\u00a0<\/em><br \/>\n<em>La passione \u00e8 stata il motore che ci ha spinto a investire energie e tempo, ma questi da soli non bastano. Con il vostro supporto potremmo dare ancora pi\u00f9 valore all\u2019evento. \u00c8 proprio la tua donazione infatti, piccola o grande, che ci aiuter\u00e0 a sostenere il Festival facendolo diventare\u00a0una grande impresa collettiva\u00a0che festeggeremo insieme il 26 agosto.<\/em><br \/>\n<em><strong>Come verranno utilizzati i fondi\u00a0<\/strong><\/em><br \/>\n<em>I fondi raccolti serviranno a:<\/em><br \/>\n<em>&#8211;\u00a0\u00a0\u00a0\u00a0\u00a0\u00a0\u00a0 supportare la crescita del Festival.<\/em><br \/>\n<em>&#8211;\u00a0\u00a0\u00a0\u00a0\u00a0\u00a0\u00a0 a integrare il sostegno economico che il Comune di Carinola ha concesso per l&#8217;edizione 2017<\/em><br \/>\n<em>&#8211;\u00a0\u00a0\u00a0\u00a0\u00a0\u00a0\u00a0 a finanziare parte delle spese di produzione del festival (materiale di scena, ospitalit\u00e0 attori, elettricit\u00e0)\u00a0<\/em><br \/>\n<em>&#8211;\u00a0\u00a0\u00a0\u00a0\u00a0\u00a0\u00a0 supportare la campagna di comunicazione e la stampa dei materiali di comunicazione: locandine, brochure, gadget<\/em><br \/>\n<em>Ma soprattutto&#8230; serve a difendere una delle principali caratteristiche del festival:<\/em><br \/>\n<em>la GRATUITA&#8217; per il pubblico!<\/em><br \/>\n&nbsp;<br \/>\n<em><strong>Chi c&#8217;\u00e8 dietro al progetto<\/strong><\/em><br \/>\n<em>Lunarte \u00e8 un\u2019iniziativa ideata dall\u2019associazione Circuito socio-Culturale Caleno, con sede a Carinola (CE), impegnata da pi\u00f9 di 10 anni nella cultura e nel sociale sul territorio della provincia di Caserta. Sin dalla terza edizione, lo staff direttivo e organizzativo di Lunarte \u00e8 inoltre composto da membri dell\u2019associazione Et\u00e9rnit, realt\u00e0 che dal 2008\u00a0 si occupa di produzione e organizzazione di spettacoli teatrali, progetti musicali ed eventi culturali.\u00a0 L\u2019iniziativa, che si avvale ogni anno del patrocinio del Comune di Cariola, \u00e8 realizzata anche grazie al contributo di\u00a0 numerosi a partner di rilievo nazionale e alla collaborazione di tanti cittadini volontari del territorio di Carinola e di altre citt\u00e0 limitrofe.<\/em><br \/>\n&nbsp;<br \/>\n<em><strong>RICOMPENSE<\/strong><\/em><\/p>\n<ul>\n<li><em>5 euro o pi\u00f9 : menzione sul sito tra i nomi dei sostenitori dell\u2019undicesima edizione del festival<\/em><\/li>\n<li><em>10 euro o pi\u00f9: menzione sul sito e una maglietta di Lunarte XI\u00a0<\/em><\/li>\n<li><em>20 euro o pi\u00f9: menzione sul sito, cartolina speciale con logo Bambi Kramer in stampa limitata, maglietta di Lunarte\u00a0XI<\/em><\/li>\n<li><em>50 euro o pi\u00f9: menzione sito e social, una cartolina come sopra,\u00a0 una maglietta, una bottiglia vino PAGANO, nostro partner!\u00a0<\/em><\/li>\n<\/ul>\n<p>&nbsp;<br \/>\n<img fetchpriority=\"high\" decoding=\"async\" class=\"aligncenter size-full wp-image-15756\" src=\"http:\/\/www.thereportzone.it\/wp-content\/uploads\/2017\/07\/Vassilissa-Lunarte-2016-foto-Alessio-Pagliaro.jpg\" alt=\"\" width=\"1024\" height=\"683\" \/><br \/>\n&nbsp;<br \/>\n<img decoding=\"async\" class=\"aligncenter size-full wp-image-15988\" src=\"http:\/\/www.thereportzone.it\/wp-content\/uploads\/2017\/07\/Barbabluu_foto_Mena_Rota.jpg\" alt=\"\" width=\"2663\" height=\"1805\" \/><\/p>\n","protected":false},"excerpt":{"rendered":"<p>&nbsp; &nbsp; CULTURA. LUNARTE 11 \u00e8 ormai alle porte. Il 26 Agosto, a Casanova di Carinola, presso Borgo<\/p>\n","protected":false},"author":2,"featured_media":15754,"comment_status":"closed","ping_status":"closed","sticky":false,"template":"","format":"standard","meta":{"sfsi_plus_gutenberg_text_before_share":"","sfsi_plus_gutenberg_show_text_before_share":"","sfsi_plus_gutenberg_icon_type":"","sfsi_plus_gutenberg_icon_alignemt":"","sfsi_plus_gutenburg_max_per_row":"","footnotes":""},"categories":[2973,10,4,5],"tags":[5153,1717,5134,5154,5155],"class_list":["post-15987","post","type-post","status-publish","format-standard","has-post-thumbnail","hentry","category-carinola","category-cultura","category-falciano","category-mondragone","tag-carinola-lunarte","tag-cultura-2","tag-lunarte","tag-lunarte-11","tag-lunarte-festival"],"_links":{"self":[{"href":"https:\/\/www.thereportzone.it\/index.php?rest_route=\/wp\/v2\/posts\/15987"}],"collection":[{"href":"https:\/\/www.thereportzone.it\/index.php?rest_route=\/wp\/v2\/posts"}],"about":[{"href":"https:\/\/www.thereportzone.it\/index.php?rest_route=\/wp\/v2\/types\/post"}],"author":[{"embeddable":true,"href":"https:\/\/www.thereportzone.it\/index.php?rest_route=\/wp\/v2\/users\/2"}],"replies":[{"embeddable":true,"href":"https:\/\/www.thereportzone.it\/index.php?rest_route=%2Fwp%2Fv2%2Fcomments&post=15987"}],"version-history":[{"count":0,"href":"https:\/\/www.thereportzone.it\/index.php?rest_route=\/wp\/v2\/posts\/15987\/revisions"}],"wp:featuredmedia":[{"embeddable":true,"href":"https:\/\/www.thereportzone.it\/index.php?rest_route=\/"}],"wp:attachment":[{"href":"https:\/\/www.thereportzone.it\/index.php?rest_route=%2Fwp%2Fv2%2Fmedia&parent=15987"}],"wp:term":[{"taxonomy":"category","embeddable":true,"href":"https:\/\/www.thereportzone.it\/index.php?rest_route=%2Fwp%2Fv2%2Fcategories&post=15987"},{"taxonomy":"post_tag","embeddable":true,"href":"https:\/\/www.thereportzone.it\/index.php?rest_route=%2Fwp%2Fv2%2Ftags&post=15987"}],"curies":[{"name":"wp","href":"https:\/\/api.w.org\/{rel}","templated":true}]}}