{"id":1596,"date":"2015-09-09T10:06:25","date_gmt":"2015-09-09T08:06:25","guid":{"rendered":"http:\/\/thereportzone.com\/?p=1596"},"modified":"2015-09-09T10:06:25","modified_gmt":"2015-09-09T08:06:25","slug":"scontro-frontale-sulla-provinciale-333-tre-feriti-uno-grave","status":"publish","type":"post","link":"https:\/\/www.thereportzone.it\/?p=1596","title":{"rendered":"Scontro frontale sulla Provinciale 333: tre feriti, uno grave"},"content":{"rendered":"<p><a href=\"https:\/\/thereportzone.files.wordpress.com\/2015\/09\/incidente.jpg\"><img fetchpriority=\"high\" decoding=\"async\" class=\"aligncenter wp-image-1597 size-full\" src=\"https:\/\/thereportzone.files.wordpress.com\/2015\/09\/incidente.jpg\" alt=\"incidente\" width=\"640\" height=\"417\" \/><\/a><br \/>\n<strong>09 Settembre 2015 &#8211; Grazzanise.<\/strong> Scontro frontale tra due automobili sulla Provinciale 333: tre\u00a0feriti. Incredibile incidente quello che si \u00e8 verificato questa mattina tra due auto di piccola cilindrata. Il bilancio \u00e8 di tre feriti ma, data l&#8217;entit\u00e0 dello scontro, poteva andare peggio. I presenti hanno subito allertato i soccorsi e sul posto, all&#8217;altezza di Grazzanise, sono intervenuti i Carabinieri, la Polizia Municipale ed il 118. Immediata la corsa verso gli ospedali. Adesso staremo a vedere quale sia la causa\u00a0dell&#8217;incidente. Intanto sappiamo che, tra i tre feriti, soltanto una persona di Castelvolturno risulterebbe essere in condizioni pi\u00f9 gravi in quanto ferita alla testa.<\/p>\n","protected":false},"excerpt":{"rendered":"<p>09 Settembre 2015 &#8211; Grazzanise. Scontro frontale tra due automobili sulla Provinciale 333: tre\u00a0feriti. Incredibile incidente quello che<\/p>\n","protected":false},"author":2,"featured_media":1597,"comment_status":"open","ping_status":"open","sticky":false,"template":"","format":"standard","meta":{"sfsi_plus_gutenberg_text_before_share":"","sfsi_plus_gutenberg_show_text_before_share":"","sfsi_plus_gutenberg_icon_type":"","sfsi_plus_gutenberg_icon_alignemt":"","sfsi_plus_gutenburg_max_per_row":"","footnotes":""},"categories":[8],"tags":[63,15,51,64,16,17,501,19,258,502,23,342,181,58,263,409,153,503,504,410,344,505],"class_list":["post-1596","post","type-post","status-publish","format-standard","has-post-thumbnail","hentry","category-cronaca","tag-63","tag-15","tag-allarme","tag-ambulanza","tag-carabinieri","tag-caserta","tag-corpo-dellarma","tag-cronaca","tag-feriti","tag-frontale","tag-giornalismo","tag-grazzanise","tag-incidente","tag-napoli","tag-ospedale","tag-polizia-municipale","tag-provincia","tag-scontro","tag-scontro-frontale-sulla-provinciale","tag-settembre","tag-soccorsi","tag-strada-provinciale"],"_links":{"self":[{"href":"https:\/\/www.thereportzone.it\/index.php?rest_route=\/wp\/v2\/posts\/1596"}],"collection":[{"href":"https:\/\/www.thereportzone.it\/index.php?rest_route=\/wp\/v2\/posts"}],"about":[{"href":"https:\/\/www.thereportzone.it\/index.php?rest_route=\/wp\/v2\/types\/post"}],"author":[{"embeddable":true,"href":"https:\/\/www.thereportzone.it\/index.php?rest_route=\/wp\/v2\/users\/2"}],"replies":[{"embeddable":true,"href":"https:\/\/www.thereportzone.it\/index.php?rest_route=%2Fwp%2Fv2%2Fcomments&post=1596"}],"version-history":[{"count":0,"href":"https:\/\/www.thereportzone.it\/index.php?rest_route=\/wp\/v2\/posts\/1596\/revisions"}],"wp:featuredmedia":[{"embeddable":true,"href":"https:\/\/www.thereportzone.it\/index.php?rest_route=\/"}],"wp:attachment":[{"href":"https:\/\/www.thereportzone.it\/index.php?rest_route=%2Fwp%2Fv2%2Fmedia&parent=1596"}],"wp:term":[{"taxonomy":"category","embeddable":true,"href":"https:\/\/www.thereportzone.it\/index.php?rest_route=%2Fwp%2Fv2%2Fcategories&post=1596"},{"taxonomy":"post_tag","embeddable":true,"href":"https:\/\/www.thereportzone.it\/index.php?rest_route=%2Fwp%2Fv2%2Ftags&post=1596"}],"curies":[{"name":"wp","href":"https:\/\/api.w.org\/{rel}","templated":true}]}}