{"id":15802,"date":"2017-07-17T16:53:35","date_gmt":"2017-07-17T14:53:35","guid":{"rendered":"http:\/\/www.thereportzone.it\/?p=15802"},"modified":"2017-07-17T16:53:35","modified_gmt":"2017-07-17T14:53:35","slug":"lassessore-cestrone-carenza-idrica-scuole-rifiuti-e-molto-altro-ecco-cosa-abbiamo-fatto-in-30-giorni","status":"publish","type":"post","link":"https:\/\/www.thereportzone.it\/?p=15802","title":{"rendered":"L&#8217;Assessore Cestrone: &#8220;Carenza idrica, scuole, rifiuti e molto altro: ecco cosa abbiamo fatto in 30 giorni&#8221;"},"content":{"rendered":"<p style=\"text-align: left;\">\n<p style=\"text-align: left;\">\n<p style=\"text-align: left;\"><strong>FALCIANO<\/strong>. Come avevamo gi\u00e0 riportato su queste pagine, con un&#8217;intervista al sindaco Erasmo Fava a quattro settimane dalla vittoria, l&#8217;attivit\u00e0 amministrativa di Falciano Bene Comune \u00e8 stata molto inte sa.<\/p>\n<p style=\"text-align: left;\">A fare un ulteriore punto sulla situazione \u00e8 l&#8217;assessore Ing. Vincenzo Cestrone, dhe spiega quanto eseguito in 30 giorni e quanto ancora da portare a termine nel futuro prossimo.<\/p>\n<p style=\"text-align: left;\">Qui di seguito un post pubblicato sulla pagina Facebook dall&#8217;Ing. Cestrone:<\/p>\n<p style=\"text-align: left;\">\u00a0&#8220;I PRIMI 30 GIORNI DI AMMINISTRAZIONE di \u201cFALCIANO BENE COMUNE\u201d<\/p>\n<p style=\"text-align: left;\">Siamo a poco pi\u00f9 di un MESE di amministrazione, del Comune di Falciano, da parte del Gruppo politico \u201cFALCIANO BENE COMUNE\u201d, ed in qualit\u00e0 di Consigliere Comunale di maggioranza nonch\u00e9 assessore (ai ll.pp., all\u2019urbanistica ed al personale) ho riposto in queste poche righe il seguente bilancio:<br \/>\n\u201cCome ci aspettavamo, amministrare un piccolo comune come il nostro, non \u00e8 per niente facile. Ma ci\u00f2 non ci ha impedito di iniziare con grande passione ed impegno. Primo grande problema da risolvere sar\u00e0 fare quadrare il bilancio dell\u2019Ente. Al comune, per la disattenzione dell\u2019amministrazione che ci ha preceduto e anche di qualche funzionario comunale, ci sono molti lavori e\/o forniture che non sono stati pagati (non ultimi quelli di cui tanto si \u00e8 parlato in campagna elettorale: pubblica illuminazione e villa comunale). A ci\u00f2 bisogna aggiungere i lavori fatti eseguire con routine senza incarico e relativo impegno di spesa (somme che potranno essere sanate o come debiti fuori bilancio, o addebitate direttamente al funzionario responsabile). Inoltre nelle casse comunali manca anche liquidit\u00e0 e potrebbero essere a rischio per i prossimi mesi anche gli stipendi dei dipendenti comunali.<\/p>\n<p style=\"text-align: left;\">\nLa soluzione pi\u00f9 facile per noi Nuovi amministratori, sarebbe quella di dichiarare il dissesto finanziario del Comune, e riiniziare da zero! Ma questo comporterebbe per legge l\u2019aumento delle tasse alle aliquote massime e l\u2019obbligo di ridurre i servizi per i cittadini al minimo (oltre ad altre problematiche). In definitiva a pagare sarebbero tutti i falcianesi.<\/p>\n<p style=\"text-align: left;\">E\u2019 per questo che tutta l\u2019amministrazione ed in particolare modo il nostro Capogruppo FREDDINO (con delega anche al bilancio), sta da giorni, con i responsabili dei Settori delle Aree comunali, cercando di approntare (per fare approvare in consiglio comunale) un importante e DOVUTO atto finanziario denominato Riequilibrio di Bilancio (entro fine Luglio o inizio di Agosto 2017). Purtroppo non sar\u00e0 un lavoro facile a causa degli enormi sprechi tramandati negli anni passati da funzionari ed amministratori che ci hanno preceduto.<\/p>\n<p style=\"text-align: left;\">A tal fine, invito i Falcianesi di buon senso a pagare regolarmente le tasse, SPECIALMENTE in questo periodo, per non aggravare la gi\u00e0 compromessa situazione economica, che comporterebbe (con il dissesto finanziario) ancora pi\u00f9 sacrifici per tutti noi Falcianesi.<\/p>\n<p style=\"text-align: left;\">Fin dal primo giorno, come promesso in campagna elettorale, stiamo cecando di dare un nuovo assetto alla funzionalit\u00e0 del comune. Con una circolare interna abbiamo cercato di porre fine alle uscite senza autorizzazione dei dipendenti comunali nelle ore di lavoro (incontrati dai cittadini di falciano a fare la spesa, in giro per il paese o seduti davanti ad un bar). Anche a salvaguardia del loro posto di lavoro (in quando l\u2019assenza ingiustificata, con l\u2019entrata in vigore della nuova normativa, potrebbe comportare un loro immediato licenziamento), a giorni sar\u00e0 installato all\u2019intorno della casa comunale un sistema di video-sorveglianza che controller\u00e0 su tutti i suoi lati, le uscite e le entrate di tutti.<\/p>\n<p style=\"text-align: left;\">\nLa nuova amministrazione appena insediata si \u00e8 interessata del problema della carenza idrica, nella cui risoluzione nessun falcianese credeva. Oggi possiamo confermare che un primo passo (come promesso in campagna elettorale) \u00e8 stato fatto. Abbiamo attenuato il problema, della mancanza di acqua, con l\u2019allaccio alla conduttura del Consorzio Idrico, che ci fornir\u00e0 in caso di necessit\u00e0 fino a 10 l\\s di acqua potabile. Devo purtroppo anche ribadire che il problema non \u00e8 stato risolto del tutto. A Falciano, dal Serbatoio idrico di rilancio (in localit\u00e0 Pietrasbirri) parte un quantitativo di acqua 3 volte superiore al fabbisogno dei cittadini. La stessa quantit\u00e0 di acqua (3 volte superiore in considerazione degli abitanti di Falciano) passa attraverso il depuratore di via Lago. Questo ci fa capire, che l\u2019acqua che immettiamo nella rete (a causa di grosse perdite), va direttamente in fognatura, causando ingenti sprechi economici che fino ad oggi hanno pagato i cittadini falcianesi. Nessuno ha cercato in tanti anni una soluzione!<br \/>\nNoi si! Ci vorr\u00e0 qualche mese, ma queste perdite saranno trovate (con apparecchiature elettroniche) e riparate, al fine di avere per i prossimi anni un risparmio consistente sulle bollette dell\u2019acqua.<\/p>\n<p style=\"text-align: left;\">Inoltre, il Sindaco in particolare, si sta impegnando nel recupero del finanziamento del Serbatoio a monte, finanziamento che ci permetter\u00e0 di avere acqua per gravit\u00e0 in tutto Falciano, oltre ad un rinnovo ed efficientamento di tutto il sistema impiantistico. Pertanto, ci sembrano proprio fuori luogo le critiche provenienti sul problema acqua, da persone che per anni non sono riuscite a fare un bel niente e che hanno causato veramente tanti danni economici a tutti i falcianesi!!!! Abbiate un poco di buon senso.<\/p>\n<p style=\"text-align: left;\">\nPer quanto riguarda il settore SPORT, in questi ultimi giorni, con una spesa irrisoria, poco superiore ai 2.000 euro (fondi recuperati da residui di vecchi finanziamenti), il Consigliere Toraldo coadiuvato da tanti volontari (grande gioco di squadra) ha fatto in modo da ridare funzionalit\u00e0 e brillantezza al campo di Calcio ed al Campo di Calcetto di via Lago, luoghi di importanti manifestazioni sportive. Inoltre, si spera di riuscire a riqualificare entro la prima decade di Agosto anche il campo da Basket ed il campo da tennis (sempre con residui di vecchi finanziamenti). Infine sempre per lo sport, l\u2019ufficio competente sta elaborando delle Manifestazioni di interesse per dare in gestione (a societ\u00e0 o associazioni sportive) il Campo da Tennis comunale e tutto l\u2019impianto del Campo di Calcio.<\/p>\n<p style=\"text-align: left;\">\nIn questi primi 30 giorni, sebbene assorti da tanti problemi, non ci siamo dimenticati delle scuole, particolarmente seguite dall\u2019ass. Palmina Manica e dal nostro immancabile consigliere Geppino De Santis! Abbiamo da subito chiamato le ditte ed i tecnici incaricati (per i lavori ancora in corso) sui padiglioni delle scuole elementari di via Ponticello e delle scuole Materne, chiedendo sia chiarimenti sulla non conclusione dei lavori, sia dando loro precise disposizioni per una breve ultimazione.<br \/>\nAbbiamo incontrato i genitori rappresentanti degli istituti, ed insieme, abbiamo trovato la soluzione pi\u00f9 pratica per tutti per l\u2019inizio del nuovo anno scolastico. Fomentatori di piazza e comitati di protesta, non potranno che avvalorare il nostro buon operato e condannare chi per anni non ha controllato i lavori che si stavano eseguendo (e la loro corretta esecuzione). Se siamo in emergenza scolastica, tutti sappiamo di chi \u00e8 la colpa.<\/p>\n<p style=\"text-align: left;\">\nIl sottoscritto (ing. VINCENZO CESTRONE), deve per\u00f2 confermare che la scuola media non aprir\u00e0 a breve. Ho chiesto personalmente (con note scritte e protocollate), al responsabile dell\u2019Ufficio Comunale competente spiegazioni al riguardo. Ad oggi, alla richiesta iniziale, \u00e8 seguita una diffida, i lavori appaltati non sono stati ripresi! Non escludo nel prossimo mese l\u2019emissione di forti provvedimenti in caso di perdurare delle problematiche sopra esposte.<\/p>\n<p style=\"text-align: left;\">Fin dai primi giorni, a mezzo di una attivissima ass. Antonietta Rucco, si \u00e8 cercato di migliorare la raccolta differenziata e la pulizia del paese (inizier\u00e0 a breve anche la pulizia di circa 2.000 caditoie). Il comune ha in corso un contratto che lo vincola ancora per un anno e mezzo circa, all\u2019attuale ditta incaricata dello smaltimento dei rifiuti. A scadenza, con un nuovo appalto si dovr\u00e0 tendere al risparmio e all\u2019ottimizzazione del servizio, perch\u00e9 non \u00e8 possibile che a Falciano i cittadini (che non hanno nessuna colpa), debbano pagare un prezzo altissimo (di smaltimento rifiuti) in confronto di altri comuni.<br \/>\nL\u2019Amministrazione sta tutti i giorni in lotta con i dipendenti comunali, al fine di evitare sprechi che erano all\u2019ordine del giorno in molti affidamenti di servizi e di forniture. Stiamo cancellando la consuetudine (il costume) di eseguire lavori senza determina di affidamento con relativo impegno della spesa, come prevede il d. lgs. 50\/2016 (testo unico degli appalti), e questo a garanzia sia dei funzionari, sia di chi riceve l\u2019incarico in quando avr\u00e0 la certezza di essere pagato.<br \/>\nL\u2019assessore Achille Palazzo si sta occupando, con dedizione, del decoro urbano al fine di non essere criticati dai numerosi visitanti che passano o soggiornano a Falciano nel periodo estivo.<br \/>\nTra qualche giorno la Giunta Comunale approver\u00e0 l\u2019istituzione del doppio senso di marcia lungo via Crocelle e Corso Oriente (come decino all\u2019unanimit\u00e0 in una riunione di maggioranza), mentre nel prossimo consiglio comunale, verr\u00e0 modificato il regolamento comunale con cui si impediva agli esercenti commerciali di mettere tavoli e sedie in piazza municipio (liberalizzeremo la Piazza Capuano).<br \/>\nDi recente \u00e8 stato pubblicato all\u2019albo pretorio il bando per adottare una aiuola (verde pubblico comunale) in tutta Falciano. Bando predisposto su idea del giovane consigliere Maurizio Paolella, e che ha gi\u00e0 ricevuto grande successo con numerose richieste. Avremo in poco tempo un verde pubblico pi\u00f9 curato ed a costo zero per il comune.<br \/>\nIn brevissimo tempo (da record) \u00e8 stato predisposto il calendario dell\u2019estete a Falciano da parte del Consigliere delegato Geppino De Santis, che ha come punto forte (anche per la richiesta di un bel finanziamento regionale) la festa del vino. Intanto si sta gi\u00e0 organizzando per le feste natalizie e di fine anno.<br \/>\nSiamo ormai oltre la met\u00e0 di Luglio e passato il mese di Agosto, come abbiamo promesso in campagna elettorale, inizieremo ad occuparci, con la solita celerit\u00e0 e competenza, di altre importantissime problematiche (irrisolte da anni) che si ricapitolano brevemente: la Zona Rossa, la Redazione del PUC, il Cimitero e la Casa Albergo per Anziani.<br \/>\nSiamo una squadra coesa e compatta, con un Sindaco giovane, competente e determinato, che personalmente mi ha sorpreso in campagna elettorale e che mi sta ancora di pi\u00f9 sorprendendo nelle emissioni dei primi importanti provvedimenti a volte non popolari, ma nell\u2019interesse del bene comune.<br \/>\nUn saluto a tutti ed un ringraziamento particolare al meraviglioso gruppo di sostenitori, che ci ha affiancati anche in questi primi 30 giorni. A volte si impegnano pi\u00f9 degli amministratori, e lo fanno con il cuore (e senza compenso alcuno), perch\u00e9 amano il loro paese e lo vogliono vedere risorgere!<\/p>\n<p style=\"text-align: left;\">Ing. VINCENZO CESTRONE<\/p>\n","protected":false},"excerpt":{"rendered":"<p>FALCIANO. Come avevamo gi\u00e0 riportato su queste pagine, con un&#8217;intervista al sindaco Erasmo Fava a quattro settimane dalla<\/p>\n","protected":false},"author":2,"featured_media":13279,"comment_status":"closed","ping_status":"closed","sticky":false,"template":"","format":"standard","meta":{"sfsi_plus_gutenberg_text_before_share":"","sfsi_plus_gutenberg_show_text_before_share":"","sfsi_plus_gutenberg_icon_type":"","sfsi_plus_gutenberg_icon_alignemt":"","sfsi_plus_gutenburg_max_per_row":"","footnotes":""},"categories":[4,9],"tags":[4923,4924,4916,4925],"class_list":["post-15802","post","type-post","status-publish","format-standard","has-post-thumbnail","hentry","category-falciano","category-politica","tag-amministrazione-fava","tag-assessore-cestrone","tag-sindaco-fava","tag-vincenzo-cestrone"],"_links":{"self":[{"href":"https:\/\/www.thereportzone.it\/index.php?rest_route=\/wp\/v2\/posts\/15802"}],"collection":[{"href":"https:\/\/www.thereportzone.it\/index.php?rest_route=\/wp\/v2\/posts"}],"about":[{"href":"https:\/\/www.thereportzone.it\/index.php?rest_route=\/wp\/v2\/types\/post"}],"author":[{"embeddable":true,"href":"https:\/\/www.thereportzone.it\/index.php?rest_route=\/wp\/v2\/users\/2"}],"replies":[{"embeddable":true,"href":"https:\/\/www.thereportzone.it\/index.php?rest_route=%2Fwp%2Fv2%2Fcomments&post=15802"}],"version-history":[{"count":0,"href":"https:\/\/www.thereportzone.it\/index.php?rest_route=\/wp\/v2\/posts\/15802\/revisions"}],"wp:featuredmedia":[{"embeddable":true,"href":"https:\/\/www.thereportzone.it\/index.php?rest_route=\/"}],"wp:attachment":[{"href":"https:\/\/www.thereportzone.it\/index.php?rest_route=%2Fwp%2Fv2%2Fmedia&parent=15802"}],"wp:term":[{"taxonomy":"category","embeddable":true,"href":"https:\/\/www.thereportzone.it\/index.php?rest_route=%2Fwp%2Fv2%2Fcategories&post=15802"},{"taxonomy":"post_tag","embeddable":true,"href":"https:\/\/www.thereportzone.it\/index.php?rest_route=%2Fwp%2Fv2%2Ftags&post=15802"}],"curies":[{"name":"wp","href":"https:\/\/api.w.org\/{rel}","templated":true}]}}