{"id":15800,"date":"2017-07-17T15:20:28","date_gmt":"2017-07-17T13:20:28","guid":{"rendered":"http:\/\/www.thereportzone.it\/?p=15800"},"modified":"2017-07-17T15:20:28","modified_gmt":"2017-07-17T13:20:28","slug":"incendi-i-boschi-di-carano-e-casanova-quasi-distrutti","status":"publish","type":"post","link":"https:\/\/www.thereportzone.it\/?p=15800","title":{"rendered":"INCENDI &#8211; I boschi di Carano e Casanova quasi distrutti"},"content":{"rendered":"<p>&nbsp;<br \/>\n&nbsp;<br \/>\n&nbsp;<br \/>\n<strong>CRONACA. SESSA AURUNCA<\/strong>.\u00a0Ore 08.50 aggiornamento incendi: dopo una notte davvero drammatica per il nostro territorio, stamane si prosegue nel lavoro di spegnimento dei roghi ancora in attivit\u00e0 sul Monte Massico. I Vigili del Fuoco sono in attivit\u00e0 costante. Complimenti agli amici della Protezione Civile per essere intervenuti prontamente ed aver domato l&#8217;incendio nei pressi di Cupa.<br \/>\nQuesto il messaggio pubblicato questa mattina da Generazione Aurunca dopo l&#8217;allarme lanciato ieri sera per l&#8217;enorme incendio divampato su Monte Massico, lato Carano.<br \/>\nUna vera e propria emergenza che si affianca, purtroppo, alle tantissime altre segnalazioni che riguardano sempre la stessa catena montuosa.<br \/>\nNella zona di Casanova di Carinola, in localit\u00e0 Grangelsa, continuano i focolai dopo che, sempre ieri, era divampato un incendio, il secondo in pochi giorni.<br \/>\nE se l&#8217;incendio dal lato di Carano sembra essere sotto controllo c&#8217;\u00e8 molta apprensione per le colonne di fumo sul lato di Casanova, in localit\u00e0 Grangelsa. Staremo a vedere se nelle prossime ore ci saranno notizie pi\u00f9 incoraggianti.<br \/>\n&nbsp;<br \/>\n<img fetchpriority=\"high\" decoding=\"async\" class=\"aligncenter size-full wp-image-15797\" src=\"http:\/\/www.thereportzone.it\/wp-content\/uploads\/2017\/07\/FB_IMG_1500283653993-1.jpg\" alt=\"\" width=\"787\" height=\"356\" \/><\/p>\n","protected":false},"excerpt":{"rendered":"<p>&nbsp; &nbsp; &nbsp; CRONACA. SESSA AURUNCA.\u00a0Ore 08.50 aggiornamento incendi: dopo una notte davvero drammatica per il nostro territorio,<\/p>\n","protected":false},"author":2,"featured_media":15796,"comment_status":"closed","ping_status":"closed","sticky":false,"template":"","format":"standard","meta":{"sfsi_plus_gutenberg_text_before_share":"","sfsi_plus_gutenberg_show_text_before_share":"","sfsi_plus_gutenberg_icon_type":"","sfsi_plus_gutenberg_icon_alignemt":"","sfsi_plus_gutenburg_max_per_row":"","footnotes":""},"categories":[2973,8,4,2968],"tags":[842,3258,3190,3193],"class_list":["post-15800","post","type-post","status-publish","format-standard","has-post-thumbnail","hentry","category-carinola","category-cronaca","category-falciano","category-sessa-aurunca","tag-allarme-incendio","tag-incendi-boschivi","tag-incendio-casanova","tag-incendio-monte-massico"],"_links":{"self":[{"href":"https:\/\/www.thereportzone.it\/index.php?rest_route=\/wp\/v2\/posts\/15800"}],"collection":[{"href":"https:\/\/www.thereportzone.it\/index.php?rest_route=\/wp\/v2\/posts"}],"about":[{"href":"https:\/\/www.thereportzone.it\/index.php?rest_route=\/wp\/v2\/types\/post"}],"author":[{"embeddable":true,"href":"https:\/\/www.thereportzone.it\/index.php?rest_route=\/wp\/v2\/users\/2"}],"replies":[{"embeddable":true,"href":"https:\/\/www.thereportzone.it\/index.php?rest_route=%2Fwp%2Fv2%2Fcomments&post=15800"}],"version-history":[{"count":0,"href":"https:\/\/www.thereportzone.it\/index.php?rest_route=\/wp\/v2\/posts\/15800\/revisions"}],"wp:featuredmedia":[{"embeddable":true,"href":"https:\/\/www.thereportzone.it\/index.php?rest_route=\/"}],"wp:attachment":[{"href":"https:\/\/www.thereportzone.it\/index.php?rest_route=%2Fwp%2Fv2%2Fmedia&parent=15800"}],"wp:term":[{"taxonomy":"category","embeddable":true,"href":"https:\/\/www.thereportzone.it\/index.php?rest_route=%2Fwp%2Fv2%2Fcategories&post=15800"},{"taxonomy":"post_tag","embeddable":true,"href":"https:\/\/www.thereportzone.it\/index.php?rest_route=%2Fwp%2Fv2%2Ftags&post=15800"}],"curies":[{"name":"wp","href":"https:\/\/api.w.org\/{rel}","templated":true}]}}