{"id":15737,"date":"2017-07-13T15:39:14","date_gmt":"2017-07-13T13:39:14","guid":{"rendered":"http:\/\/www.thereportzone.it\/?p=15737"},"modified":"2017-07-13T15:39:14","modified_gmt":"2017-07-13T13:39:14","slug":"casanova-incendio-in-localita-grangelsa-le-foto","status":"publish","type":"post","link":"https:\/\/www.thereportzone.it\/?p=15737","title":{"rendered":"CASANOVA &#8211; Incendio in Localit\u00e0 Grangelsa &#8211; LE FOTO"},"content":{"rendered":"<p>&nbsp;<br \/>\n&nbsp;<br \/>\n<strong>CASANOVA<\/strong>. Diverse segnalazioni ci stanno giungendo in redazione in questi minuti in merito ad un incendio divampato sulle colline del territorio di Casanova di Carinola. Si tratta di localit\u00e0 Grangelsa, che gi\u00e0 in altre occasioni \u00e8 stata vittima di incendi boschivi.<br \/>\n&nbsp;<br \/>\nLe immagini parlano chiaro: l&#8217;incendio \u00e8 di grosse dimensioni e si attendono i soccorsi aerei antincendio. Una vera e propria disgrazia quella che sta riguardando in questi giorni l&#8217;intero territorio regionale per via degli incendi boschivi. Speriamo in un pronto intervento per domare le fiamme.<br \/>\n&nbsp;<br \/>\n<img fetchpriority=\"high\" decoding=\"async\" class=\"aligncenter size-full wp-image-15738\" src=\"http:\/\/www.thereportzone.it\/wp-content\/uploads\/2017\/07\/19807997_10212837080138558_1857673668_o.jpg\" alt=\"\" width=\"1600\" height=\"898\" \/><br \/>\n&nbsp;<br \/>\n<img decoding=\"async\" class=\"aligncenter size-full wp-image-15739\" src=\"http:\/\/www.thereportzone.it\/wp-content\/uploads\/2017\/07\/19885721_10212837080738573_892878971_o.jpg\" alt=\"\" width=\"1600\" height=\"898\" \/><br \/>\n&nbsp;<br \/>\n<img decoding=\"async\" class=\"aligncenter size-full wp-image-15740\" src=\"http:\/\/www.thereportzone.it\/wp-content\/uploads\/2017\/07\/20049475_10212837087618745_1034274419_o.jpg\" alt=\"\" width=\"1600\" height=\"898\" \/><br \/>\n&nbsp;<br \/>\n&nbsp;<\/p>\n","protected":false},"excerpt":{"rendered":"<p>&nbsp; &nbsp; CASANOVA. Diverse segnalazioni ci stanno giungendo in redazione in questi minuti in merito ad un incendio<\/p>\n","protected":false},"author":2,"featured_media":15740,"comment_status":"closed","ping_status":"closed","sticky":false,"template":"","format":"standard","meta":{"sfsi_plus_gutenberg_text_before_share":"","sfsi_plus_gutenberg_show_text_before_share":"","sfsi_plus_gutenberg_icon_type":"","sfsi_plus_gutenberg_icon_alignemt":"","sfsi_plus_gutenburg_max_per_row":"","footnotes":""},"categories":[2973,8,4],"tags":[3721,3190,3678,3722],"class_list":["post-15737","post","type-post","status-publish","format-standard","has-post-thumbnail","hentry","category-carinola","category-cronaca","category-falciano","tag-incendi-boschivi-campania","tag-incendio-casanova","tag-incendio-grangelsa","tag-incendio-vesuvio"],"_links":{"self":[{"href":"https:\/\/www.thereportzone.it\/index.php?rest_route=\/wp\/v2\/posts\/15737"}],"collection":[{"href":"https:\/\/www.thereportzone.it\/index.php?rest_route=\/wp\/v2\/posts"}],"about":[{"href":"https:\/\/www.thereportzone.it\/index.php?rest_route=\/wp\/v2\/types\/post"}],"author":[{"embeddable":true,"href":"https:\/\/www.thereportzone.it\/index.php?rest_route=\/wp\/v2\/users\/2"}],"replies":[{"embeddable":true,"href":"https:\/\/www.thereportzone.it\/index.php?rest_route=%2Fwp%2Fv2%2Fcomments&post=15737"}],"version-history":[{"count":0,"href":"https:\/\/www.thereportzone.it\/index.php?rest_route=\/wp\/v2\/posts\/15737\/revisions"}],"wp:featuredmedia":[{"embeddable":true,"href":"https:\/\/www.thereportzone.it\/index.php?rest_route=\/"}],"wp:attachment":[{"href":"https:\/\/www.thereportzone.it\/index.php?rest_route=%2Fwp%2Fv2%2Fmedia&parent=15737"}],"wp:term":[{"taxonomy":"category","embeddable":true,"href":"https:\/\/www.thereportzone.it\/index.php?rest_route=%2Fwp%2Fv2%2Fcategories&post=15737"},{"taxonomy":"post_tag","embeddable":true,"href":"https:\/\/www.thereportzone.it\/index.php?rest_route=%2Fwp%2Fv2%2Ftags&post=15737"}],"curies":[{"name":"wp","href":"https:\/\/api.w.org\/{rel}","templated":true}]}}