{"id":15717,"date":"2017-07-13T13:00:06","date_gmt":"2017-07-13T11:00:06","guid":{"rendered":"http:\/\/www.thereportzone.it\/?p=15717"},"modified":"2017-07-13T13:00:06","modified_gmt":"2017-07-13T11:00:06","slug":"falciano-festa-san-pietro-in-arrivo-tutto-pronto-ecco-chi-cantera","status":"publish","type":"post","link":"https:\/\/www.thereportzone.it\/?p=15717","title":{"rendered":"FALCIANO &#8211; Festa San Pietro in arrivo, tutto pronto: ecco chi canter\u00e0"},"content":{"rendered":"<p>&nbsp;<br \/>\n&nbsp;<br \/>\n<strong>FALCIANO<\/strong>. Mancano ormai pochi giorni all&#8217;inizio della Festa Patronale in onore di San Pietro Apostolo. Il comitato festeggiamenti continua nel lavoro di organizzazione anche se il tutto sembra ormai essere ultimato.<br \/>\nIntanto il prossimo appuntamento \u00e8 per domenica 16 luglio con la Scrippella di Mondragone. Sar\u00e0 possibile prenotare e ricevere a domicilio il prelibato e tradizionale dolce originario di Mondragone. (<em><strong>l&#8217;articolo continua<\/strong><\/em>)<br \/>\n<img fetchpriority=\"high\" decoding=\"async\" class=\"aligncenter size-full wp-image-15718\" src=\"http:\/\/www.thereportzone.it\/wp-content\/uploads\/2017\/07\/FB_IMG_1499889387369.jpg\" alt=\"\" width=\"529\" height=\"791\" \/><br \/>\n&nbsp;<br \/>\nGrande attesa anche per il calendario delle serate della Festa Patronale. Sembrano essere gi\u00e0 stati scelti tutti gli artisti e, sebbene volevamo lanciare noi &#8220;lo scoop&#8221;, in rete gi\u00e0 impazza la foto di Anna Tatangelo. Sar\u00e0 lei a chiudere i festeggiamenti in onore di San Pietro con il grande concerto.<br \/>\nAuguriamo un buon lavoro al Comitato Festeggiamenti San Pietro che si sta mostrando capace di organizzare una festa con i fiocchi.<\/p>\n","protected":false},"excerpt":{"rendered":"<p>&nbsp; &nbsp; FALCIANO. Mancano ormai pochi giorni all&#8217;inizio della Festa Patronale in onore di San Pietro Apostolo. Il<\/p>\n","protected":false},"author":2,"featured_media":15728,"comment_status":"closed","ping_status":"closed","sticky":false,"template":"","format":"standard","meta":{"sfsi_plus_gutenberg_text_before_share":"","sfsi_plus_gutenberg_show_text_before_share":"","sfsi_plus_gutenberg_icon_type":"","sfsi_plus_gutenberg_icon_alignemt":"","sfsi_plus_gutenburg_max_per_row":"","footnotes":""},"categories":[10,4],"tags":[5128,477,4991,5129,4992,5130,5131],"class_list":["post-15717","post","type-post","status-publish","format-standard","has-post-thumbnail","hentry","category-cultura","category-falciano","tag-anna","tag-anna-tatangelo","tag-comitato-festeggiamenti","tag-festa-falciano-del-massico","tag-festa-patronale-san-pietro","tag-san-pietro","tag-tatangelo"],"_links":{"self":[{"href":"https:\/\/www.thereportzone.it\/index.php?rest_route=\/wp\/v2\/posts\/15717"}],"collection":[{"href":"https:\/\/www.thereportzone.it\/index.php?rest_route=\/wp\/v2\/posts"}],"about":[{"href":"https:\/\/www.thereportzone.it\/index.php?rest_route=\/wp\/v2\/types\/post"}],"author":[{"embeddable":true,"href":"https:\/\/www.thereportzone.it\/index.php?rest_route=\/wp\/v2\/users\/2"}],"replies":[{"embeddable":true,"href":"https:\/\/www.thereportzone.it\/index.php?rest_route=%2Fwp%2Fv2%2Fcomments&post=15717"}],"version-history":[{"count":0,"href":"https:\/\/www.thereportzone.it\/index.php?rest_route=\/wp\/v2\/posts\/15717\/revisions"}],"wp:featuredmedia":[{"embeddable":true,"href":"https:\/\/www.thereportzone.it\/index.php?rest_route=\/"}],"wp:attachment":[{"href":"https:\/\/www.thereportzone.it\/index.php?rest_route=%2Fwp%2Fv2%2Fmedia&parent=15717"}],"wp:term":[{"taxonomy":"category","embeddable":true,"href":"https:\/\/www.thereportzone.it\/index.php?rest_route=%2Fwp%2Fv2%2Fcategories&post=15717"},{"taxonomy":"post_tag","embeddable":true,"href":"https:\/\/www.thereportzone.it\/index.php?rest_route=%2Fwp%2Fv2%2Ftags&post=15717"}],"curies":[{"name":"wp","href":"https:\/\/api.w.org\/{rel}","templated":true}]}}