{"id":15687,"date":"2017-07-09T12:30:11","date_gmt":"2017-07-09T10:30:11","guid":{"rendered":"http:\/\/www.thereportzone.it\/?p=15687"},"modified":"2017-07-09T12:30:11","modified_gmt":"2017-07-09T10:30:11","slug":"falciano-intervista-al-neo-eletto-sindaco-erasmo-fava-a-quattro-settimane-dalla-vittoria","status":"publish","type":"post","link":"https:\/\/www.thereportzone.it\/?p=15687","title":{"rendered":"FALCIANO &#8211; Intervista al neo eletto sindaco Erasmo Fava a quattro settimane dalla vittoria"},"content":{"rendered":"<p>&nbsp;<br \/>\n&nbsp;<br \/>\n<em>Intervista a cura di <strong>Giuseppe Nicodemo<\/strong><\/em><br \/>\n&nbsp;<br \/>\n&nbsp;<br \/>\n<figure id=\"attachment_15689\" aria-describedby=\"caption-attachment-15689\" style=\"width: 808px\" class=\"wp-caption aligncenter\"><img fetchpriority=\"high\" decoding=\"async\" class=\"size-full wp-image-15689\" src=\"http:\/\/www.thereportzone.it\/wp-content\/uploads\/2017\/07\/erasmo-fava-1.jpg\" alt=\"\" width=\"808\" height=\"853\" \/><figcaption id=\"caption-attachment-15689\" class=\"wp-caption-text\">Il sindaco Erasmo Fava<\/figcaption><\/figure><br \/>\n&nbsp;<br \/>\n<strong>FALCIANO<\/strong>. A quattro settimane dalla vittoria di Falciano Bene Comune, The Report Zone ha intervistato il neo eletto sindaco Erasmo Fava.<br \/>\n1) Partiamo dalle Emozioni: cosa si prova ad essere tra i sindaci pi\u00f9 giovani di Falciano del Massico e a ricoprire la carica che suo padre ha ricoperto soltanto due mandati fa?<\/p>\n<ul>\n<li><strong><em>Sicuramente una grande emozione e gratificazione, ma al contempo sono anche consapevole dell\u2019enorme responsabilit\u00e0 che grava sulle mie spalle, in quanto dall\u2019 operato mio e della mia squadra dipende il destino di Falciano.<\/em><\/strong><\/li>\n<\/ul>\n<p>&nbsp;<br \/>\n2) La vittoria dello scorso 11 Giugno di Falciano Bene Comune \u00e8 arrivata con quasi 400 voti in pi\u00f9 rispetto alla Lista Gabbiano: vi aspettavate un risultato simile?<\/p>\n<ul>\n<li><strong><em>Della vittoria eravamo certi gi\u00e0 da molto tempo, la percepivamo parlando e confrontandoci quotidianamente con la gente. Prima con l\u2019attento lavoro di opposizione svolto con Freddino e Prata, ai quali va il mio ringraziamento, poi con le Primarie che hanno visto una grande partecipazione popolare,\u00a0 abbiamo gettato le basi per costruire un progetto politico serio, affidabile e credibile. Nel corso della campagna elettorale, riuscendo a ben spiegare il nostro programma ed a mettere in evidenza le carenze della precedente amministrazione, abbiamo intercettato anche i voti degli indecisi. Insomma un risultato storico per noi e per Falciano. Grazie a tutti i candidati di Falciano Bene Comune ed a tutti i nostri sostenitori che hanno svolto un lavoro encomiabile. <\/em><\/strong><\/li>\n<\/ul>\n<p>&nbsp;<br \/>\n3) La neo eletta amministrazione si presenta come una squadra coesa, composta da molti giovani, politici navigati e quote rosa con pregressa esperienza politica: qual \u00e8 il segreto di questa compattezza?<\/p>\n<ul>\n<li><strong><em>In questi anni siamo stati capaci di costruire un gruppo solido ed unito che ha svolto con fermezza l\u2019attivit\u00e0 di opposizione. Nella costruzione della lista, tutti gli amici che sono subentrati successivamente hanno avuto il merito di partecipare al progetto \u201cFalciano Bene Comune\u201d senza chiedere nulla in cambio dal punto di vista personale. Ogni candidatura \u00e8 nata esclusivamente sulla condivisione delle linee programmatiche della futura amministrazione. La dimostrazione di ci\u00f2 che affermo sta nel fatto che, appena dopo il nostro insediamento, con una semplice riunione abbiamo definito la Giunta comunale ed i ruoli di ogni consigliere. Proprio questa compattezza che ci ha fatto vincere le elezioni, ci far\u00e0 cambiare Falciano. <\/em><\/strong><\/li>\n<\/ul>\n<p>&nbsp;<br \/>\n4) Numerosi piccoli interventi sono gi\u00e0 stati attuati, in soli 30 giorni, mentre all\u2019orizzonte si vede, finalmente, la soluzione al problema della carenza idrica.<\/p>\n<ul>\n<li><strong><em>Da subito abbiamo messo mano a tanti problemi, piccoli e grandi. A partire dal giorno dopo del nostro insediamento abbiamo lavorato sul problema acqua richiedendo una fornitura aggiuntiva al Consorzio Idrico (grazie alla disponibilit\u00e0 del Presidente Pasquale Di Biasio) che tra qualche giorno sar\u00e0 attiva. Al contempo abbiamo avviato uno studio per valutare le condizioni di tutta la rete idrica. Oltre alla carenza idrica ci siamo attivati in tanti altri settori: Problema incendi, riorganizzazione della raccolta differenziata, manutenzione verde e strade, pulizia caditoie, organizzazione \u201cEstate a Falciano\u201d, manutenzione plessi scolastici a seguito di incontro con genitori e con la dirigenza scolastica, manutenzione impianti sportivi, richiesta finanziamento POC per Immortale Falernum, progetto \u201cAdotta un\u2019aiuola\u201d, riorganizzazione della viabilit\u00e0,\u00a0 progetto per incrementare il sistema videosorveglianza, richiesta per il rifinanziamento del serbatoio a Monte e sollecito per accredito somme \u201cCasa Albergo per Anziani\u201d, partecipazione a PSR per lo sviluppo ambientale. Insomma tante cose gi\u00e0 fatte e tante in cantiere che realizzeremo nel pi\u00f9 breve tempo possibile, come il PUC ed il Cimitero. <\/em><\/strong><\/li>\n<\/ul>\n<p>&nbsp;<br \/>\n5) Dopo il Primo Consiglio Comunale di Insediamento \u00e8 stato lanciato il progetto Falciano 2020: in cosa consiste?<\/p>\n<ul>\n<li><strong><em>Falciano 2020 rappresenta una scadenza a breve termine delle nostre linee programmatiche e dei nostri obiettivi, in modo da rendere concreta la nostra azione amministrativa. Entro il 2022, invece, punteremo a curare i dettagli per rendere Falciano un paese ancora pi\u00f9 vivibile. Insomma concretezza e certezza dei tempi nelle azioni da compiere sono alla base del nostro operato.\u00a0<\/em><\/strong><\/li>\n<\/ul>\n<p>6) Sindaco Fava, nella sua azione amministrativa risulta prioritario il totale rispetto delle regole, in primis da parte degli organi di governo e dei funzionari comunali, in secundis da parte dei cittadini. Pu\u00f2 definirsi, questo, il punto di forza per una gestione trasparente e longeva?<\/p>\n<ul>\n<li><strong><em>Il cambiamento di Falciano \u00e8 possibile solamente se mettiamo in atto una vera rivoluzione nella gestione della macchina amministrativa che parte innanzitutto dalla massima trasparenza. Il rispetto delle regole di chi governa e dei funzionari sono alla base per una trasformazione radicale. Il nostro motto \u00e8 semplice: premiare i funzionari modello che rispettano la normativa,\u00a0 lavorano e producono risultati, perseguire chi al contrario non tiene conto delle regole e rallenta l\u2019operato dell\u2019amministrazione. Al contempo occorre lavorare per una crescita sociale e culturale anche tra la cittadinanza per generare quel senso civico che \u00e8 alla base di uno sviluppo della nostra comunit\u00e0.<\/em><\/strong><\/li>\n<\/ul>\n<p>&nbsp;<br \/>\n7) Sindaco, quale ritiene, oggi, il problema pi\u00f9 grave che riguarda il nostro Comune, che sia politico, sociale o economico, e come crede di poter intervenire per trovare rimedio, magari anche in collaborazione con i Comuni limitrofi?<\/p>\n<ul>\n<li><strong><em>Le problematiche sono numerose. Innanzitutto la disastrosa situazione finanziaria dell\u2019Ente non ci consente nell\u2019immediato di garantire in modo efficace i servizi basilari. Al contempo ci sono tante altre questioni, come lo sviluppo del territorio,\u00a0 i servizi sociali e la carenza di personale comunale, che possono essere risolte solamente con una forte collaborazione tra i Comuni limitrofi. Mi riferisco quindi alla progettazione di opere per lo sviluppo ambientale, rendere efficiente l\u2019ambito dei servizi sociali, attuare convenzioni tra i comuni per il rafforzamento delle risorse umane comunali.\u00a0\u00a0 <\/em><\/strong><\/li>\n<\/ul>\n<p>&nbsp;<br \/>\n8) Qual \u00e8, invece, il punto di forza di Falciano, sul quale puntare per una crescita veloce?<\/p>\n<ul>\n<li><strong><em>Una grossa opportunit\u00e0, soprattutto per fronteggiare il grave fenomeno della disoccupazione, \u00e8 completare la Casa Albergo per Anziani che certamente dar\u00e0 a tanti giovani di Falciano la possibilit\u00e0 di lavorare. Al contempo investire nel settore agricolo ed edile, attivit\u00e0 primarie del nostro territorio.<\/em><\/strong><\/li>\n<\/ul>\n<p><strong><em>\u00a0<\/em><\/strong><br \/>\n9) Sindaco mi piacerebbe chiudere l\u2019intervista con un suo saluto, o con un appello, ai cittadini falcianesi.<\/p>\n<ul>\n<li><strong><em>Ringrazio nuovamente tutti i cittadini che hanno riposto in noi la loro fiducia, permettendoci di iniziare il cambiamento per Falciano. Le problematiche da affrontare sono tante, ma siamo convinti che con il supporto di tutti i cittadini, che invitiamo ancora una volta ad amministrare con noi, porci suggerimenti e\u00a0 critiche costruttive, possiamo realmente trasformare questo Paese. Eliminare quindi quel distacco con le Istituzioni, la Casa comunale deve essere la casa di tutti, non a caso, come primo atto, abbiamo eliminato la porta che sbarrava l\u2019accesso ai cittadini negli uffici comunali. Insieme ce la faremo!!! <\/em><\/strong><\/li>\n<\/ul>\n","protected":false},"excerpt":{"rendered":"<p>&nbsp; &nbsp; Intervista a cura di Giuseppe Nicodemo &nbsp; &nbsp; &nbsp; FALCIANO. A quattro settimane dalla vittoria di<\/p>\n","protected":false},"author":2,"featured_media":15691,"comment_status":"closed","ping_status":"closed","sticky":false,"template":"","format":"standard","meta":{"sfsi_plus_gutenberg_text_before_share":"","sfsi_plus_gutenberg_show_text_before_share":"","sfsi_plus_gutenberg_icon_type":"","sfsi_plus_gutenberg_icon_alignemt":"","sfsi_plus_gutenburg_max_per_row":"","footnotes":""},"categories":[4,9],"tags":[4919,4920,629,3699,195],"class_list":["post-15687","post","type-post","status-publish","format-standard","has-post-thumbnail","hentry","category-falciano","category-politica","tag-comne-falciano","tag-erasmo-fava-sidnaco","tag-falciano-del-massico","tag-falciano-politica","tag-politica-2"],"_links":{"self":[{"href":"https:\/\/www.thereportzone.it\/index.php?rest_route=\/wp\/v2\/posts\/15687"}],"collection":[{"href":"https:\/\/www.thereportzone.it\/index.php?rest_route=\/wp\/v2\/posts"}],"about":[{"href":"https:\/\/www.thereportzone.it\/index.php?rest_route=\/wp\/v2\/types\/post"}],"author":[{"embeddable":true,"href":"https:\/\/www.thereportzone.it\/index.php?rest_route=\/wp\/v2\/users\/2"}],"replies":[{"embeddable":true,"href":"https:\/\/www.thereportzone.it\/index.php?rest_route=%2Fwp%2Fv2%2Fcomments&post=15687"}],"version-history":[{"count":0,"href":"https:\/\/www.thereportzone.it\/index.php?rest_route=\/wp\/v2\/posts\/15687\/revisions"}],"wp:featuredmedia":[{"embeddable":true,"href":"https:\/\/www.thereportzone.it\/index.php?rest_route=\/"}],"wp:attachment":[{"href":"https:\/\/www.thereportzone.it\/index.php?rest_route=%2Fwp%2Fv2%2Fmedia&parent=15687"}],"wp:term":[{"taxonomy":"category","embeddable":true,"href":"https:\/\/www.thereportzone.it\/index.php?rest_route=%2Fwp%2Fv2%2Fcategories&post=15687"},{"taxonomy":"post_tag","embeddable":true,"href":"https:\/\/www.thereportzone.it\/index.php?rest_route=%2Fwp%2Fv2%2Ftags&post=15687"}],"curies":[{"name":"wp","href":"https:\/\/api.w.org\/{rel}","templated":true}]}}