{"id":15673,"date":"2017-07-07T19:03:46","date_gmt":"2017-07-07T17:03:46","guid":{"rendered":"http:\/\/www.thereportzone.it\/?p=15673"},"modified":"2017-07-07T19:03:46","modified_gmt":"2017-07-07T17:03:46","slug":"falciano-miglioramento-differenziata-ecco-la-nota-del-sindaco","status":"publish","type":"post","link":"https:\/\/www.thereportzone.it\/?p=15673","title":{"rendered":"FALCIANO &#8211; Miglioramento differenziata: ecco la nota del sindaco"},"content":{"rendered":"<p>&nbsp;<br \/>\n&nbsp;<br \/>\n<strong>FALCIANO<\/strong>. Col fine di migliorare il servizio di raccolta differenziata &#8220;porta a porta&#8221; il sindaco Erasmo Fava e l&#8217;assessore all&#8217;ecologia Antonietta Rucco rendono noto che \u00e8 possibile per tutti i cittadini a fare domanda per il ritiro dei contenitori per l&#8217;umido e per il vetro.<br \/>\n&#8220;Tutti coloro che intendono beneficiare di quanto disposto &#8211; dice la nota &#8211; potranno ritirare il modello dell&#8217;istanza presso l&#8217;ECOPOINT sito in Corso Oriente il luned\u00ec, il mercoled\u00ec ed il venerd\u00ec dalle ore 8.00 alle ore 10.00.&#8221;<br \/>\n&#8220;Certi di vostra pronta risposta e collaborazione &#8211; conclude la nota &#8211; al fine di garantire il decoro urbano del nostro amato paese si ringrazia&#8221;.<br \/>\nPer ulteriori informazioni si pu\u00f2 chiamare il numero verde 800 901 312.<br \/>\n<figure id=\"attachment_15674\" aria-describedby=\"caption-attachment-15674\" style=\"width: 719px\" class=\"wp-caption aligncenter\"><img fetchpriority=\"high\" decoding=\"async\" class=\"wp-image-15674 size-full\" src=\"http:\/\/www.thereportzone.it\/wp-content\/uploads\/2017\/07\/FB_IMG_1499446844300.jpg\" alt=\"\" width=\"719\" height=\"720\" \/><figcaption id=\"caption-attachment-15674\" class=\"wp-caption-text\">L&#8217;assessore all&#8217;ecologia Antonietta Rucco<\/figcaption><\/figure><br \/>\n&nbsp;<br \/>\n<img decoding=\"async\" class=\"aligncenter size-full wp-image-15672\" src=\"http:\/\/www.thereportzone.it\/wp-content\/uploads\/2017\/07\/IMG-20170707-WA0020.jpg\" alt=\"\" width=\"800\" height=\"1440\" \/><\/p>\n","protected":false},"excerpt":{"rendered":"<p>&nbsp; &nbsp; FALCIANO. Col fine di migliorare il servizio di raccolta differenziata &#8220;porta a porta&#8221; il sindaco Erasmo<\/p>\n","protected":false},"author":2,"featured_media":15514,"comment_status":"closed","ping_status":"closed","sticky":false,"template":"","format":"standard","meta":{"sfsi_plus_gutenberg_text_before_share":"","sfsi_plus_gutenberg_show_text_before_share":"","sfsi_plus_gutenberg_icon_type":"","sfsi_plus_gutenberg_icon_alignemt":"","sfsi_plus_gutenburg_max_per_row":"","footnotes":""},"categories":[4,9],"tags":[4918,3605,991],"class_list":["post-15673","post","type-post","status-publish","format-standard","has-post-thumbnail","hentry","category-falciano","category-politica","tag-differenziata-falciano","tag-politica-falciano","tag-raccolta-differenziata"],"_links":{"self":[{"href":"https:\/\/www.thereportzone.it\/index.php?rest_route=\/wp\/v2\/posts\/15673"}],"collection":[{"href":"https:\/\/www.thereportzone.it\/index.php?rest_route=\/wp\/v2\/posts"}],"about":[{"href":"https:\/\/www.thereportzone.it\/index.php?rest_route=\/wp\/v2\/types\/post"}],"author":[{"embeddable":true,"href":"https:\/\/www.thereportzone.it\/index.php?rest_route=\/wp\/v2\/users\/2"}],"replies":[{"embeddable":true,"href":"https:\/\/www.thereportzone.it\/index.php?rest_route=%2Fwp%2Fv2%2Fcomments&post=15673"}],"version-history":[{"count":0,"href":"https:\/\/www.thereportzone.it\/index.php?rest_route=\/wp\/v2\/posts\/15673\/revisions"}],"wp:featuredmedia":[{"embeddable":true,"href":"https:\/\/www.thereportzone.it\/index.php?rest_route=\/"}],"wp:attachment":[{"href":"https:\/\/www.thereportzone.it\/index.php?rest_route=%2Fwp%2Fv2%2Fmedia&parent=15673"}],"wp:term":[{"taxonomy":"category","embeddable":true,"href":"https:\/\/www.thereportzone.it\/index.php?rest_route=%2Fwp%2Fv2%2Fcategories&post=15673"},{"taxonomy":"post_tag","embeddable":true,"href":"https:\/\/www.thereportzone.it\/index.php?rest_route=%2Fwp%2Fv2%2Ftags&post=15673"}],"curies":[{"name":"wp","href":"https:\/\/api.w.org\/{rel}","templated":true}]}}