{"id":15543,"date":"2017-06-28T20:07:28","date_gmt":"2017-06-28T18:07:28","guid":{"rendered":"http:\/\/www.thereportzone.it\/?p=15543"},"modified":"2017-06-28T20:07:28","modified_gmt":"2017-06-28T18:07:28","slug":"estate-a-falciano-geppino-de-santis-presenta-il-calendario","status":"publish","type":"post","link":"https:\/\/www.thereportzone.it\/?p=15543","title":{"rendered":"ESTATE A FALCIANO &#8211; Geppino De Santis presenta il calendario"},"content":{"rendered":"<p style=\"text-align: left;\"><strong>FALCIANO<\/strong>. ESTATE A FALCIANO: IL CONSIGLIERE DE SANTIS PRESENTA IL CALENDARIO<\/p>\n<p style=\"text-align: left;\">\n<p style=\"text-align: left;\">\n<p><figure id=\"attachment_14340\" aria-describedby=\"caption-attachment-14340\" style=\"width: 581px\" class=\"wp-caption aligncenter\"><img fetchpriority=\"high\" decoding=\"async\" class=\"size-full wp-image-14340\" src=\"http:\/\/www.thereportzone.it\/wp-content\/uploads\/2017\/03\/17740985_10211794346910879_2137857621_n.jpg\" alt=\"\" width=\"581\" height=\"644\" \/><figcaption id=\"caption-attachment-14340\" class=\"wp-caption-text\">Il consigliere Geppino De Santis<\/figcaption><\/figure><br \/>\n&nbsp;<br \/>\n&#8220;Nonostante abbiamo avuto poco tempo per redigere l&#8217;intero programma, in quanto ci siamo insediati con l&#8217;estate ormai alle porte, insieme ad un gruppo di amici e con il sostegno delle Associazioni, siamo riusciti tuttavia a lanciare ESTATE A FALCIANO&#8221;.<br \/>\nEsordisce cos\u00ec il consigliere <em><strong>Geppino De Santis<\/strong><\/em> che lancia il calendario estivo degli eventi e delle feste falcianesi.<br \/>\n&#8220;A differenza degli altri anni -continua De Santis- abbiamo deciso di nominare il calendario ESTATE A FALCIANO, sostituendo questo nome al solito ESTATE FALCIANESE. Abbiamo avuto poco tempo, \u00e8 vero, ma abbiamo gi\u00e0 deciso, insieme alle Associazioni, che a partire da Settembre\/Ottobre continueremo a collaborare e a confrontarci per estendere il calendario degli eventi anche nell&#8217;autunno e nell&#8217;inverno, fino a dopo Pasqua. Valorizzeremo le festivit\u00e0 natalizie, pasquali ed inseriremo diversi eventi con le Scuole Elementari e Medie per introdurre anche eventi con i bambini.<br \/>\nL&#8217;obiettivo \u00e8 rendere gli appuntamenti culturali di Falciano, ed ESTATE A FALCIANO stesso, un calendario fruibile non soltanto ai falcianesi ma anche ai residenti dei Comuni limitrofi&#8221;.<br \/>\n&#8220;Da sottolineare -conclude De Santis- che non ancora sono state stabilite le date dell&#8217;Immortale Falernum 2017 ma, come gi\u00e0 detto in Consiglio Comunale dal sindaco Erasmo Fava, quest&#8217;anno sar\u00e0 una festa diversa: ci saranno molte pi\u00f9 risorse a disposizione per rendere questo evento molto pi\u00f9 prestigioso&#8221;.<br \/>\nInsomma, tutto sembra pronto per godersi questa estate di eventi. Qui di seguito il calendario completo in locandina.<br \/>\n&nbsp;<br \/>\n<img decoding=\"async\" class=\"aligncenter wp-image-15544\" src=\"http:\/\/www.thereportzone.it\/wp-content\/uploads\/2017\/06\/IMG-20170628-WA0050.jpg\" alt=\"\" width=\"1000\" height=\"1800\" \/><br \/>\n&nbsp;<\/p>\n","protected":false},"excerpt":{"rendered":"<p>FALCIANO. ESTATE A FALCIANO: IL CONSIGLIERE DE SANTIS PRESENTA IL CALENDARIO &nbsp; &#8220;Nonostante abbiamo avuto poco tempo per<\/p>\n","protected":false},"author":2,"featured_media":15544,"comment_status":"closed","ping_status":"closed","sticky":false,"template":"","format":"standard","meta":{"sfsi_plus_gutenberg_text_before_share":"","sfsi_plus_gutenberg_show_text_before_share":"","sfsi_plus_gutenberg_icon_type":"","sfsi_plus_gutenberg_icon_alignemt":"","sfsi_plus_gutenburg_max_per_row":"","footnotes":""},"categories":[4,9],"tags":[3657,4915,629],"class_list":["post-15543","post","type-post","status-publish","format-standard","has-post-thumbnail","hentry","category-falciano","category-politica","tag-comune-di-falciano","tag-estate-a-falciano","tag-falciano-del-massico"],"_links":{"self":[{"href":"https:\/\/www.thereportzone.it\/index.php?rest_route=\/wp\/v2\/posts\/15543"}],"collection":[{"href":"https:\/\/www.thereportzone.it\/index.php?rest_route=\/wp\/v2\/posts"}],"about":[{"href":"https:\/\/www.thereportzone.it\/index.php?rest_route=\/wp\/v2\/types\/post"}],"author":[{"embeddable":true,"href":"https:\/\/www.thereportzone.it\/index.php?rest_route=\/wp\/v2\/users\/2"}],"replies":[{"embeddable":true,"href":"https:\/\/www.thereportzone.it\/index.php?rest_route=%2Fwp%2Fv2%2Fcomments&post=15543"}],"version-history":[{"count":0,"href":"https:\/\/www.thereportzone.it\/index.php?rest_route=\/wp\/v2\/posts\/15543\/revisions"}],"wp:featuredmedia":[{"embeddable":true,"href":"https:\/\/www.thereportzone.it\/index.php?rest_route=\/"}],"wp:attachment":[{"href":"https:\/\/www.thereportzone.it\/index.php?rest_route=%2Fwp%2Fv2%2Fmedia&parent=15543"}],"wp:term":[{"taxonomy":"category","embeddable":true,"href":"https:\/\/www.thereportzone.it\/index.php?rest_route=%2Fwp%2Fv2%2Fcategories&post=15543"},{"taxonomy":"post_tag","embeddable":true,"href":"https:\/\/www.thereportzone.it\/index.php?rest_route=%2Fwp%2Fv2%2Ftags&post=15543"}],"curies":[{"name":"wp","href":"https:\/\/api.w.org\/{rel}","templated":true}]}}