{"id":15537,"date":"2017-06-28T10:54:25","date_gmt":"2017-06-28T08:54:25","guid":{"rendered":"http:\/\/www.thereportzone.it\/?p=15537"},"modified":"2017-06-28T10:54:25","modified_gmt":"2017-06-28T08:54:25","slug":"politica-lamministrazione-fava-si-insedia-e-lancia-falciano-2020","status":"publish","type":"post","link":"https:\/\/www.thereportzone.it\/?p=15537","title":{"rendered":"POLITICA &#8211; L&#8217;amministrazione Fava si insedia e lancia &#8220;Falciano 2020&#8221;"},"content":{"rendered":"<p style=\"text-align: left;\">\n<p style=\"text-align: left;\">\n<p style=\"text-align: left;\"><strong>FALCIANO<\/strong>. L\u2019amministrazione Fava si insedia e lancia \u201cFalciano 2020\u201d.<\/p>\n<p style=\"text-align: left;\">Falciano 2020 sono delle linee programmatiche, degli obiettivi da raggiungere entro il 2020, che faranno da driver per le azioni che si andranno ad implementare nel territorio nei prossimi tre anni.<\/p>\n<p style=\"text-align: left;\">\n<p style=\"text-align: left;\">Falciano del Massico, 27\/06\/2017 \u2013 Si \u00e8 riunito domenica scorsa alle ore 19 il primo consiglio comunale dell\u2019amministrazione Fava.<br \/>\nLe deleghe e gli incarichi affidati sono:<br \/>\nMANICA Maria Palmina, nominata Vice Sindaco, alla quale \u00e8 stata conferita la delega in Pubblica Istruzione, Cultura, Legalit\u00e0.<br \/>\nCESTRONE Vincenzo, al quale \u00e8 stata conferita la delega in Lavori Pubblici, Urbanistica, Personale Comunale.<br \/>\nPALAZZO Achille, al quale \u00e8 stata conferita la delega in Agricoltura, Arredo Urbano, Sicurezza Urbana.<\/p>\n<p style=\"text-align: left;\">\nRUCCO Antonietta, alla quale \u00e8 stata conferita la delega in Ecologia, Pari Opportunit\u00e0, Politiche Sociali (anche con riferimento alla Legge 328\/2000).<br \/>\nFREDDINO Corrado, al quale \u00e8 stato assegnato il ruolo di Capogruppo di maggioranza.<\/p>\n<p style=\"text-align: left;\">\n\u201cLa mia amministrazione ha una forza sociale mai vista prima\u201d \u2013 fa sapere il neo sindaco Fava &#8211; \u201cAbbiamo un consiglio comunale molto competente, con tantissima voglia di fare. Cittadini giovani e meno giovani, che con entusiasmo hanno offerto e offriranno il loro contributo per le iniziative che abbiamo fatto e che intraprenderemo\u201d.<br \/>\nFalciano del Massico ha bisogno di allinearsi alle dinamiche sociali ed economiche dell\u2019Italia. Al Governo nazionale, in Regione, in Europa, nelle grandi aziende e PMI, nel settore pubblico e privato in generale, ci si pone sempre degli obiettivi triennali.<\/p>\n<p style=\"text-align: left;\">Dai piani industriali alle leggi di Bilancio, \u00e8 sempre presente un approccio programmatico a medio termine di tre anni. L\u2019amministrazione Fava vuole allinearsi e prendere esempio dai migliori proponendo Falciano 2020. Delle linee programmatiche, degli obiettivi da raggiungere entro il 2020, che faranno da driver per le azioni che si andranno ad implementare nel territorio nei prossimi tre anni. Entro il 2022, invece, si punter\u00e0 a far fare uno step in pi\u00f9 a Falciano, per portarlo definitivamente a diventare un luogo dove sar\u00e0 piacevole vivere.<\/p>\n<p style=\"text-align: left;\">Il piano programmatico, Falciano 2020, verr\u00e0 presentato nel dettaglio nelle prossime settimane.<br \/>\nL\u2019amministrazione Fava augura ai Capigruppo di opposizione di Insieme per Falciano Giulia Capriglione e di Uniti per Falciano la Dottoressa Gianna Antonia Novelli Genuino un buon lavoro, nell\u2019ottica della collaborazione e del bene comune.<\/p>\n","protected":false},"excerpt":{"rendered":"<p>FALCIANO. L\u2019amministrazione Fava si insedia e lancia \u201cFalciano 2020\u201d. Falciano 2020 sono delle linee programmatiche, degli obiettivi da<\/p>\n","protected":false},"author":2,"featured_media":15514,"comment_status":"closed","ping_status":"closed","sticky":false,"template":"","format":"standard","meta":{"sfsi_plus_gutenberg_text_before_share":"","sfsi_plus_gutenberg_show_text_before_share":"","sfsi_plus_gutenberg_icon_type":"","sfsi_plus_gutenberg_icon_alignemt":"","sfsi_plus_gutenburg_max_per_row":"","footnotes":""},"categories":[4,9],"tags":[3603,629,3604,3605],"class_list":["post-15537","post","type-post","status-publish","format-standard","has-post-thumbnail","hentry","category-falciano","category-politica","tag-comune-falciano","tag-falciano-del-massico","tag-falciano-elezioni","tag-politica-falciano"],"_links":{"self":[{"href":"https:\/\/www.thereportzone.it\/index.php?rest_route=\/wp\/v2\/posts\/15537"}],"collection":[{"href":"https:\/\/www.thereportzone.it\/index.php?rest_route=\/wp\/v2\/posts"}],"about":[{"href":"https:\/\/www.thereportzone.it\/index.php?rest_route=\/wp\/v2\/types\/post"}],"author":[{"embeddable":true,"href":"https:\/\/www.thereportzone.it\/index.php?rest_route=\/wp\/v2\/users\/2"}],"replies":[{"embeddable":true,"href":"https:\/\/www.thereportzone.it\/index.php?rest_route=%2Fwp%2Fv2%2Fcomments&post=15537"}],"version-history":[{"count":0,"href":"https:\/\/www.thereportzone.it\/index.php?rest_route=\/wp\/v2\/posts\/15537\/revisions"}],"wp:featuredmedia":[{"embeddable":true,"href":"https:\/\/www.thereportzone.it\/index.php?rest_route=\/"}],"wp:attachment":[{"href":"https:\/\/www.thereportzone.it\/index.php?rest_route=%2Fwp%2Fv2%2Fmedia&parent=15537"}],"wp:term":[{"taxonomy":"category","embeddable":true,"href":"https:\/\/www.thereportzone.it\/index.php?rest_route=%2Fwp%2Fv2%2Fcategories&post=15537"},{"taxonomy":"post_tag","embeddable":true,"href":"https:\/\/www.thereportzone.it\/index.php?rest_route=%2Fwp%2Fv2%2Ftags&post=15537"}],"curies":[{"name":"wp","href":"https:\/\/api.w.org\/{rel}","templated":true}]}}