{"id":15463,"date":"2017-06-21T19:17:31","date_gmt":"2017-06-21T17:17:31","guid":{"rendered":"http:\/\/www.thereportzone.it\/?p=15463"},"modified":"2017-06-21T19:17:31","modified_gmt":"2017-06-21T17:17:31","slug":"mondragone-resiste-che-ne-sara-del-palazzetto-dello-sport-il-sindaco-chiarisca","status":"publish","type":"post","link":"https:\/\/www.thereportzone.it\/?p=15463","title":{"rendered":"MONDRAGONE RESISTE: &#8220;Che ne sar\u00e0 del Palazzetto dello Sport? Il sindaco chiarisca&#8221;"},"content":{"rendered":"<p>&nbsp;<br \/>\n&nbsp;<br \/>\n<strong>MONDRAGONE<\/strong>.\u00a0<em><strong>Il Sindaco chiarisca ai cittadini cosa ne sar\u00e0 del palazzetto dello sport appena inaugurato<\/strong><\/em><br \/>\n\u201cA poche settimane dall\u2019inaugurazione del palazzetto dello sport, gi\u00e0 molti cittadini si chiedono che destino avr\u00e0 questa struttura che, per anni, si \u00e8 aspettato terminassero i lavori nonostante i tanti finanziamenti elargiti.<br \/>\nAd oggi \u2013 continua il leader di Mondragone (R)Esiste, Antonio Patalano &#8211; nonostante le critiche che sono piovute durante la campagna elettorale per la \u201cstrumentale\u201d inaugurazione, non ancora si sa niente su come verr\u00e0 gestito il palazzetto dello sport.<br \/>\n&nbsp;<br \/>\nSi sa solo che si \u00e8 provveduto ad incaricare una nota agenzia di vigilanza del territorio il servizio di guardiania della struttura. Il tutto in maniera repentina e poco trasparente se consideriamo che la ditta \u00e8 vicina ad alcuni dei candidati delle liste che hanno appoggiato il neo-Sindaco.<br \/>\nChiediamo al Sindaco Virgilio Pacifico di comunicare al pi\u00f9 presto a tutta la cittadinanza l\u2019idea di gestione del palazzetto dello sport e quali saranno i prossimi passi che la futura amministrazione vorr\u00e0 percorrere per una struttura che \u00e8 di indubbio valore per la nostra Citt\u00e0.\u201d<br \/>\n&nbsp;<\/p>\n<p style=\"text-align: right;\"><em>Ufficio stampa Mondragone (R)Esiste<\/em><\/p>\n<p style=\"text-align: right;\">\n<p style=\"text-align: center;\">\n","protected":false},"excerpt":{"rendered":"<p>&nbsp; &nbsp; MONDRAGONE.\u00a0Il Sindaco chiarisca ai cittadini cosa ne sar\u00e0 del palazzetto dello sport appena inaugurato \u201cA poche<\/p>\n","protected":false},"author":2,"featured_media":15212,"comment_status":"closed","ping_status":"closed","sticky":false,"template":"","format":"standard","meta":{"sfsi_plus_gutenberg_text_before_share":"","sfsi_plus_gutenberg_show_text_before_share":"","sfsi_plus_gutenberg_icon_type":"","sfsi_plus_gutenberg_icon_alignemt":"","sfsi_plus_gutenburg_max_per_row":"","footnotes":""},"categories":[5,9],"tags":[1263,2027,3636,4896],"class_list":["post-15463","post","type-post","status-publish","format-standard","has-post-thumbnail","hentry","category-mondragone","category-politica","tag-cronaca-mondragone","tag-mondragone-citta","tag-mondragone-politica","tag-palazzetto-dello-sport-mondragone"],"_links":{"self":[{"href":"https:\/\/www.thereportzone.it\/index.php?rest_route=\/wp\/v2\/posts\/15463"}],"collection":[{"href":"https:\/\/www.thereportzone.it\/index.php?rest_route=\/wp\/v2\/posts"}],"about":[{"href":"https:\/\/www.thereportzone.it\/index.php?rest_route=\/wp\/v2\/types\/post"}],"author":[{"embeddable":true,"href":"https:\/\/www.thereportzone.it\/index.php?rest_route=\/wp\/v2\/users\/2"}],"replies":[{"embeddable":true,"href":"https:\/\/www.thereportzone.it\/index.php?rest_route=%2Fwp%2Fv2%2Fcomments&post=15463"}],"version-history":[{"count":0,"href":"https:\/\/www.thereportzone.it\/index.php?rest_route=\/wp\/v2\/posts\/15463\/revisions"}],"wp:featuredmedia":[{"embeddable":true,"href":"https:\/\/www.thereportzone.it\/index.php?rest_route=\/"}],"wp:attachment":[{"href":"https:\/\/www.thereportzone.it\/index.php?rest_route=%2Fwp%2Fv2%2Fmedia&parent=15463"}],"wp:term":[{"taxonomy":"category","embeddable":true,"href":"https:\/\/www.thereportzone.it\/index.php?rest_route=%2Fwp%2Fv2%2Fcategories&post=15463"},{"taxonomy":"post_tag","embeddable":true,"href":"https:\/\/www.thereportzone.it\/index.php?rest_route=%2Fwp%2Fv2%2Ftags&post=15463"}],"curies":[{"name":"wp","href":"https:\/\/api.w.org\/{rel}","templated":true}]}}