{"id":15403,"date":"2017-06-15T17:50:26","date_gmt":"2017-06-15T15:50:26","guid":{"rendered":"http:\/\/www.thereportzone.it\/?p=15403"},"modified":"2017-06-15T17:50:26","modified_gmt":"2017-06-15T15:50:26","slug":"falciano-incendi-su-monte-massico-il-sindaco-erasmo-fava-interviene-sul-problema","status":"publish","type":"post","link":"https:\/\/www.thereportzone.it\/?p=15403","title":{"rendered":"FALCIANO &#8211; Incendi su Monte Massico, il sindaco Erasmo Fava interviene sul problema"},"content":{"rendered":"<p>&nbsp;<br \/>\n&nbsp;<br \/>\n<strong>FALCIANO<\/strong>. Con l&#8217;inizio della stagione estiva ci siamo gi\u00e0 trovati dinanzi all&#8217;annoso problema che attanaglia Falciano del Massico e, pi\u00f9 in particolare, Monte Massico. SOno gi\u00e0 numerosi gli episodi di incendi che si sono verificati negli ultimi giorni. A tal riguardo interviene il neo sindaco Erasmo fava che dichiara quanto segue:<br \/>\n&nbsp;<br \/>\n&#8220;<em>In merito all&#8217;incendio in corso su Monte Massico ho allertato le Autorit\u00e0 competenti per lo spegnimento immediato, ma le stesse hanno mostrato tante difficolt\u00e0 per la carenza di personale a loro disposizione. In queste ore mi attiver\u00f2 per convocare urgentemente un incontro con gli Organi preposti per mettere in piedi un piano di prevenzione, al fine di evitare che il nostro patrimonio ambientale venga distrutto da malfattori senza coscienza<\/em>!&#8221;.<br \/>\n&nbsp;<\/p>\n","protected":false},"excerpt":{"rendered":"<p>&nbsp; &nbsp; FALCIANO. Con l&#8217;inizio della stagione estiva ci siamo gi\u00e0 trovati dinanzi all&#8217;annoso problema che attanaglia Falciano<\/p>\n","protected":false},"author":2,"featured_media":13293,"comment_status":"closed","ping_status":"closed","sticky":false,"template":"","format":"standard","meta":{"sfsi_plus_gutenberg_text_before_share":"","sfsi_plus_gutenberg_show_text_before_share":"","sfsi_plus_gutenberg_icon_type":"","sfsi_plus_gutenberg_icon_alignemt":"","sfsi_plus_gutenburg_max_per_row":"","footnotes":""},"categories":[8,4,9],"tags":[3691,3692,3193,3693],"class_list":["post-15403","post","type-post","status-publish","format-standard","has-post-thumbnail","hentry","category-cronaca","category-falciano","category-politica","tag-incendi-falciano","tag-incendi-monte-massico","tag-incendio-monte-massico","tag-sindaco-erasmo-fava"],"_links":{"self":[{"href":"https:\/\/www.thereportzone.it\/index.php?rest_route=\/wp\/v2\/posts\/15403"}],"collection":[{"href":"https:\/\/www.thereportzone.it\/index.php?rest_route=\/wp\/v2\/posts"}],"about":[{"href":"https:\/\/www.thereportzone.it\/index.php?rest_route=\/wp\/v2\/types\/post"}],"author":[{"embeddable":true,"href":"https:\/\/www.thereportzone.it\/index.php?rest_route=\/wp\/v2\/users\/2"}],"replies":[{"embeddable":true,"href":"https:\/\/www.thereportzone.it\/index.php?rest_route=%2Fwp%2Fv2%2Fcomments&post=15403"}],"version-history":[{"count":0,"href":"https:\/\/www.thereportzone.it\/index.php?rest_route=\/wp\/v2\/posts\/15403\/revisions"}],"wp:featuredmedia":[{"embeddable":true,"href":"https:\/\/www.thereportzone.it\/index.php?rest_route=\/"}],"wp:attachment":[{"href":"https:\/\/www.thereportzone.it\/index.php?rest_route=%2Fwp%2Fv2%2Fmedia&parent=15403"}],"wp:term":[{"taxonomy":"category","embeddable":true,"href":"https:\/\/www.thereportzone.it\/index.php?rest_route=%2Fwp%2Fv2%2Fcategories&post=15403"},{"taxonomy":"post_tag","embeddable":true,"href":"https:\/\/www.thereportzone.it\/index.php?rest_route=%2Fwp%2Fv2%2Ftags&post=15403"}],"curies":[{"name":"wp","href":"https:\/\/api.w.org\/{rel}","templated":true}]}}