{"id":15258,"date":"2017-06-05T14:16:59","date_gmt":"2017-06-05T12:16:59","guid":{"rendered":"http:\/\/www.thereportzone.it\/?p=15258"},"modified":"2017-06-05T14:16:59","modified_gmt":"2017-06-05T12:16:59","slug":"carinola-politica-il-monito-di-giusy-tuozzi","status":"publish","type":"post","link":"https:\/\/www.thereportzone.it\/?p=15258","title":{"rendered":"CARINOLA POLITICA &#8211; Il monito di Giusy Tuozzi"},"content":{"rendered":"<p>&nbsp;<br \/>\n&nbsp;<br \/>\n<strong>CARINOLA<\/strong>. <em>RICEVIAMO E PUBBLICHIAMO<\/em>: &#8220;AL SIG SINDACO \u00a0SEDE;\u00a0 AL PRESIDENTE DEL CONSIGLIO COMUNALE SEDE; AL CAPOGRUPPO \u201cSIAMO CARINOLA\u201d SEDE; AL CAPOGRUPPO P.D. SEDE; AL CAPOGRUPPO M5S SEDE<br \/>\n<em>Oggi 5 giugno, il consiglio comunale compie un anno.<\/em><br \/>\n<em>Subito dopo le elezioni, la sottoscritta, eletta nella lista \u201cCarinola rinasce\u201d, capeggiata dall\u2019amico Francesco Di Biasio, con 387 preferenze, form\u00f2, ai sensi del vigente regolamento un gruppo autonomo e precisamente il gruppo consiliare \u201ccaleno\u201d.<\/em><br \/>\n<em>Tale decisione nasceva dal fatto che la lista che mi aveva dato la possibilit\u00e0 di intraprendere la mia prima esperienza elettorale non aveva una precisa collocazione politica e, pertanto, mi consentiva dal banco della minoranza, di potermi caratterizzare in maniera pi\u00f9 marcata sui temi del governo dell\u2019intero territorio carinolese, di essere pi\u00f9 vicina ai cittadini e di trovare nuove e maggiori motivazioni nel lavorare ad un nuovo progetto di citt\u00e0.<\/em><br \/>\n<em>Fino ad oggi sono stata attenta, ferma, costruttiva e non demolitiva, rispondendo positivamente a quelle iniziative che ritenevo giuste per la collettivit\u00e0 e prendendo le distanze da altre, evitando per\u00f2 interventi forti che avrebbero soltanto alimentato polemiche su social network e blog locali.<\/em><br \/>\n<em>La lista Carinola Rinasce ed il suo programma non hanno avuto il consenso auspicato, non voglio fare un esame sul perch\u00e9 di una sconfitta non annunciata, forse conosco i motivi, ma non mi interessa pi\u00f9 di tanto. <\/em><br \/>\n<em>Credo che in una tornata amministrativa si voti la persona e non il partito o la coalizione ed io sono rimasta pi\u00f9 che soddisfatta del risultato ottenuto, anche in considerazione che il candidato di Carinola \u00e8 sempre stato svantaggiato nei confronti dei candidati di altre frazioni.<\/em><br \/>\n<em>La mia attivit\u00e0 di consigliere comunale di opposizione \u00e8 stata caratterizzata da un forte spirito critico ma pur sempre costruttivo perch\u00e9 ho sempre pensato e penso tuttora che la politica sia impegno a favore della collettivit\u00e0 e non fondata su rancori personali od altro.<\/em><br \/>\n<em>Sento il dovere di impegnarmi affinch\u00e9 non si verifichi come in passato la \u201cvacanza\u201d dei rappresentanti del capoluogo e delle frazioni minori.<\/em><br \/>\n<em>Dopo le primarie del P.D. nel nostro comune e la costituzione di due gruppi P.D. due consiglieri di minoranza e tre consiglieri di maggioranza mi hanno spinto ad esaminare e valutare quello che sta succedendo nella vita amministrativa e politica del nostro comune.<\/em><br \/>\n<em>La segretaria del locale circolo P.D. carinolese ha riunito i consiglieri comunali tesserati P.D. Francesco Di Biasio e Maria Sorvillo appartenenti alla minoranza e i consiglieri Antimo Marrese, Antonella Migliozzi ed Elisa Mazzucchi della maggioranza chiedendo di unificare il gruppo P.D. nel consiglio comunale di Carinola.<\/em><br \/>\n<em>Come qualcuno sosteneva, sono una neofita della politica ed ho l\u2019umilt\u00e0 di ammetterlo, quindi non voglio addentrarmi in disquisizioni di norme statutarie n\u00e9 tantomeno posso farlo perch\u00e9 non sono una tesserata del partito, per\u00f2 sono venuta a conoscenza dai blog locali del risultato di tali consultazioni e sono arrivata alla naturale conclusione: <strong>che fine avrei fatto se i cinque consiglieri si fossero accordati per formare un gruppo unico?<\/strong><\/em><br \/>\n<em>Ad oggi, non avendo nessuna tessera di partito, pur restando nel gruppo consiliare \u201ccaleno\u201d, mi sento libera di poter decidere autonomamente e valutare di volta in volta tutte quelle attivit\u00e0 che possano essere migliorative per il nostro territorio e spronare l\u2019amministrazione a \u00a0\u00a0mettere in atto una politica che eviti il frazionismo. Le ultime esternazioni dell\u2019Ass. Marrese e della Presidente del Consiglio comunale Migliozzi, asseriscono senza ombra di smentita che la maggioranza consiliare \u00e8 quasi tutta di estrazione di centro-sinistra, linea politica da me condivisa avendo partecipato alle primarie del P.D. votando la mozione Renzi.\u00a0\u00a0 <\/em><\/p>\n<p style=\"text-align: right;\"><strong><em>\u00a0<\/em>\u00a0 \u00a0<em>Il Capogruppo\u00a0<\/em><em>Giuseppina Tuozzi<\/em><\/strong><\/p>\n","protected":false},"excerpt":{"rendered":"<p>&nbsp; &nbsp; CARINOLA. RICEVIAMO E PUBBLICHIAMO: &#8220;AL SIG SINDACO \u00a0SEDE;\u00a0 AL PRESIDENTE DEL CONSIGLIO COMUNALE SEDE; AL CAPOGRUPPO<\/p>\n","protected":false},"author":2,"featured_media":11058,"comment_status":"closed","ping_status":"closed","sticky":false,"template":"","format":"standard","meta":{"sfsi_plus_gutenberg_text_before_share":"","sfsi_plus_gutenberg_show_text_before_share":"","sfsi_plus_gutenberg_icon_type":"","sfsi_plus_gutenberg_icon_alignemt":"","sfsi_plus_gutenburg_max_per_row":"","footnotes":""},"categories":[2973,9],"tags":[82,4532,4700,195],"class_list":["post-15258","post","type-post","status-publish","format-standard","has-post-thumbnail","hentry","category-carinola","category-politica","tag-carinola","tag-carinola-politica","tag-giusy-tuozzi-carinola","tag-politica-2"],"_links":{"self":[{"href":"https:\/\/www.thereportzone.it\/index.php?rest_route=\/wp\/v2\/posts\/15258"}],"collection":[{"href":"https:\/\/www.thereportzone.it\/index.php?rest_route=\/wp\/v2\/posts"}],"about":[{"href":"https:\/\/www.thereportzone.it\/index.php?rest_route=\/wp\/v2\/types\/post"}],"author":[{"embeddable":true,"href":"https:\/\/www.thereportzone.it\/index.php?rest_route=\/wp\/v2\/users\/2"}],"replies":[{"embeddable":true,"href":"https:\/\/www.thereportzone.it\/index.php?rest_route=%2Fwp%2Fv2%2Fcomments&post=15258"}],"version-history":[{"count":0,"href":"https:\/\/www.thereportzone.it\/index.php?rest_route=\/wp\/v2\/posts\/15258\/revisions"}],"wp:featuredmedia":[{"embeddable":true,"href":"https:\/\/www.thereportzone.it\/index.php?rest_route=\/"}],"wp:attachment":[{"href":"https:\/\/www.thereportzone.it\/index.php?rest_route=%2Fwp%2Fv2%2Fmedia&parent=15258"}],"wp:term":[{"taxonomy":"category","embeddable":true,"href":"https:\/\/www.thereportzone.it\/index.php?rest_route=%2Fwp%2Fv2%2Fcategories&post=15258"},{"taxonomy":"post_tag","embeddable":true,"href":"https:\/\/www.thereportzone.it\/index.php?rest_route=%2Fwp%2Fv2%2Ftags&post=15258"}],"curies":[{"name":"wp","href":"https:\/\/api.w.org\/{rel}","templated":true}]}}