{"id":15243,"date":"2017-06-04T13:30:23","date_gmt":"2017-06-04T11:30:23","guid":{"rendered":"http:\/\/www.thereportzone.it\/?p=15243"},"modified":"2017-06-04T13:30:23","modified_gmt":"2017-06-04T11:30:23","slug":"falciano-ecco-il-confronto-tra-i-tre-candidati-sindaco-santoro-fava-genuino","status":"publish","type":"post","link":"https:\/\/www.thereportzone.it\/?p=15243","title":{"rendered":"FALCIANO &#8211; Ecco il confronto tra i tre candidati a sindaco Santoro, Fava, Genuino"},"content":{"rendered":"<p>&nbsp;<br \/>\n&nbsp;<br \/>\n<strong>FALCIANO<\/strong>. Come anticipato vi proponiamo una sintesi dell&#8217;incontro\/dibattito avvenuto presso la sala consiliare tra i tre candidati sindaco Dott. Giosu\u00e8 Santoro, Dott.ssa Gianna Genuino, Ing. Erasmo Fava, rispettivamente per le lista Gabbiano, Uniti per Falciano e Falciano Bene Comune.<br \/>\nL&#8217;incontro, organizzato dal giornalista Oreste D&#8217;Onofrio, sar\u00e0 pubblicato sulla rivista cartacea LIMEN. Una serie di domande poste ai tre candidati per dare agli elettori un&#8217;idea del loro programma, dei loro progetti a breve e a lungo termine, dei punti di forza della loro campagna elettorale.<br \/>\nQui di seguito, dunque, domanda per domanda:<br \/>\n<strong>1) Quale criterio ha seguito nella formazione della lista e come sta impostando la campagna elettorale?<\/strong><br \/>\n<strong>Santoro:<\/strong><br \/>\n<em>Partiamo da cinque anni di amministrazione, per cui la lista parte da un progetto consolidato che ha dato frutti importanti per Falciano, che stanno sotto gli occhi di tutti. Abbiamo allargato a forze nuove, portatrici di idee, con la finalit\u00e0 di migliorare quanto fatto e completare quanto programmato. Perci\u00f2 necessitano due mandati. \u00a0La campagna elettorale \u00e8 impostata sulle tematiche del nostro programma che stiamo illustrando ai cittadini, ascoltando anche le loro proposte.<\/em><br \/>\n<strong>Novelli:<\/strong><br \/>\n<em>Siamo partiti con l\u2019idea che tutto \u00e8 da rifare. A cominciare proprio dalla formazione della lista, che non \u00e8 espressione di partiti e che presenta soprattutto giovani e donne. Partire in particolare da queste ultime, perch\u00e9 le donne di Falciano non sono state praticamente mai ascoltate. L\u2019obiettivo \u00e8 quello di cambiare completamente il paese e il modo di amministrare, a cominciare dalla trasparenza di atti e di comportamenti. E\u2019 questo che stiamo dicendo agli elettori, presentando il nostro programma e ascoltando le loro proposte.<\/em><br \/>\n<strong>Fava:<\/strong><br \/>\n<em>Il nostro progetto \u00e8 nato sia dal lavoro di opposizione svolto in questi cinque anni dai consiglieri Freddino e Prata, sia dalle primarie del Pd nel febbraio scorso, in cui si \u00e8 operata la scelta del candidato sindaco, con metodo innovativo. Il progetto \u00e8 stato, poi,\u00a0 aperto al mondo esterno ai partiti e prevede di cambiare completamente il comune di Falciano. Abbiamo formato una lista al 70% rinnovata con il risultato di un mix tra innovazione ed esperienza. Agli elettori stiamo illustrando il nostro programma, con l\u2019orecchio attento alle loro proposte.<\/em><br \/>\n&nbsp;<br \/>\nDalle risposte dei tre candidati sindaco si evince il punto di partenza del progetto politico di ogni schieramento: il sindaco in carica che punta alla continuit\u00e0 ed alla stabilit\u00e0, la Dottoressa Genuino che fa delle donne e dei giovani la vera innovazione e l&#8217;Ing. Fava che parte dal lavoro svolto in opposizione passando per l&#8217;appuntamento delle Primarie svolte a Gennaio.<br \/>\n&nbsp;<br \/>\n<strong>2) Come ritiene possibile un rilancio socio-economico che porti a una maggiore occupazione, soprattutto dei giovani, attraverso l\u2019agricoltura, la piccola imprenditoria, il turismo, la cultura\u2026?<\/strong><br \/>\n<strong>Novelli:<\/strong><br \/>\n<em>Nel nostro programma prima di tutto ci siamo proposti di (ri)verificare gli spazi disponibili di questo nostro ambiente. Falciano \u00e8 una piccola oasi, tra il mare e la montagna e nel centro la cultura. Cosa fare per i giovani? La prima cosa \u00e8 investire sulla loro qualificazione, valutando la possibilit\u00e0 di fornire delle guide turistiche; di formare giovani in grado di cooperativizzare spazi liberi, come il lago, di valorizzare le nostre bellezze, di riproporre le antiche strade dell\u2019Appia, del vino. E\u2019 stata interessante la manifestazione al Museo civico, Museo del vino, ma non \u00e8 l\u2019unica risorsa\u00a0 cui fare riferimento. Abbiamo, infatti, il lago e la montagna. Inoltre proporremo, anche perch\u00e9 \u00e8 a costo zero, di riportare sul nostro territorio \u00a0il turismo fatto di mountain bike, di giovani escursionisti, di passeggiata nordica, di tutto ci\u00f2 che in altre cittadine si fa a costo zero. Quindi, prima di tutto, cultura, intesa in senso ampio, utilizzando anche il palazzetto dello sport come struttura polifunzionale, e riqualificazione delle persone. \u00a0\u00a0\u00a0<\/em><br \/>\n<strong>Fava:<\/strong><br \/>\n<em><strong>\u00a0<\/strong>Dico subito che il Comune non ha posti di lavoro da dare e chi in campagna elettorale li promette prende in gito i cittadini. Il Comune pu\u00f2, per\u00f2,\u00a0 attuare politiche a sostegno di chi vuole investire a Falciano. Faccio qualche esempio. Nel programma \u00e8 inserita la nascita di uno \u201csportello comunale Europa\u201d, che sia di supporto\u00a0 ai cittadini per informazioni e partecipazioni a bandi europei. Oggi chi vuole fare impresa non ha la disponibilit\u00e0 di capitali propri, per cui si riescono a creare attivit\u00e0 soltanto se c\u2019\u00e8 il sostegno di finanziamenti dello Stato. \u00a0Parlando con imprenditori e agricoltori di Falciano ho constatato che spesso rinunciano a tali legittime richieste per la complessit\u00e0 della macchina burocratica. E\u2019 un peccato, perch\u00e9 solo nel settore agricolo si parla di stanziamenti di circa 80 miliardi. Per gli agricoltori vanno messe in atto certificazioni di qualit\u00e0 che servano a dimostrare che il nostro territorio non \u00e8 inquinato, \u00e8 fuori dalla \u201cTerra dei fuochi\u201d. Riguardo ai settori cultura e turismo, dobbiamo ripartire da una riqualificazione ambientale e investire sulle nostre bellezze naturali e sul centro storico. \u00a0\u00a0<\/em><br \/>\n<strong>Santoro:<\/strong><br \/>\n<em>Il nostro territorio ha alte potenzialit\u00e0 e produzioni assolutamente straordinarie, che sono la mozzarella, il vino e l\u2019ortofrutticolo. Dobbiamo valorizzare l\u2019ager Falernus, far diventare Falciano il paese del Falerno e creare un comparto che comprenda l\u2019enogastronomia , i nostri prodotti di eccellenza, a cominciare dalla mozzarella. Ricordo che sul nostro territorio insistono 46 aziende bufaline. Tutto ci\u00f2 d\u00e0 luogo alla piccola imprenditoria e quindi a posti di lavoro. Il tutto, naturalmente, di pari passo con la cultura.<\/em><br \/>\n&nbsp;<br \/>\nMontagna, mare, lago, cultura e molto altro al centro del programma politico di ognuno ma, evidentemente, con punti di vista e prospettive diverse.<br \/>\n&nbsp;<br \/>\n<strong>3) L\u2019ambiente pu\u00f2 costituire sia un problema che una risorsa. Come intende recuperare e rilanciare in particolare il lago? <\/strong><br \/>\n<strong>Fava:<\/strong><br \/>\n<em>Il pu\u00f2 essere una grossa risorsa, ma vanno prima di tutto definite le competenze tra il Comune e l\u2019Ente riserva per evitare conflitti e lungaggini burocratiche. Qualsiasi progettazione deve sempre preservare l\u2019ambiente. Prima di tutto necessita portare l\u2019energia elettrica, riqualificare\u00a0 la zona e\u00a0 poi creare strutture ricettive, ristorazioni, sentieri. Solo cos\u00ec il lago potr\u00e0 diventare un\u2019attrazione turistica ed una concreta ricchezza per il paese.<\/em><br \/>\n<strong>Santoro:<\/strong><br \/>\n<em>Noi abbiamo preparato progettualit\u00e0\u00a0 per il lago, ma abbiamo incontrato difficolt\u00e0 enormi a interfacciarci con l\u2019Ente riserva. Quindi \u00e8 necessario stabilire in modo chiaro le competenze per poter programmare interventi che preservino l\u2019ambiente, che possano dotare la zona di strutture ricettive e inserire il lago in percorsi turistici. Se non si modificano le cose, per noi rimane solo un costo.<\/em><br \/>\n<strong>Novelli:<\/strong><br \/>\n<em>Attualmente il lago \u00e8 solo una risorsa non sfruttata e a volte diventa una discarica a cielo aperto, anche per la mancanza di energia elettrica. In termini chiari, siamo disposti a fare il picchetto alla Regione per raggiungere l\u2019obiettivo di recuperare il lago e la zona circostante in modo che possa diventare uno dei punti di forza dell\u2019economia di Falciano con l\u2019organizzazione di un programma di eventi che siano di promozione per il nostro territorio.<\/em><br \/>\n&nbsp;<br \/>\nUn importante punto di vista per il rilancio del lago e dell&#8217;ambiente in generale da parte di tutti e tre i candidati.<br \/>\n&nbsp;<br \/>\n<strong>4) Falciano da anni soffre il problema dell\u2019acqua. Quale soluzione propone?<\/strong><br \/>\n<strong>Santoro:<\/strong><br \/>\n<em>L\u2019attuale impianto \u00e8 di difficile gestione ed \u00e8 costoso. Per la soluzione pensiamo a un duplice intervento. Il primo \u00e8 quello di realizzare , con finanziamento europeo o regionale, un serbatoio a monte con quattro pozzi. In tal modo si sfrutterebbe il sistema per caduta e si risparmierebbe anche energia elettrica. In alternativa, ci allacceremo alla condotta del Consorzio idrico di Terra di Lavoro, di cui facciamo parte, che \u00e8 a circa 200 metri. La cosa \u00e8 fattibile anche con costi contenuti.<\/em><br \/>\n<strong>Novelli:<\/strong><br \/>\n<em>E\u2019 grave che i cittadini debbano subire una tale carenza di acqua, non \u00e8 possibile neanche lavarsi. In questi anni si \u00e8 sperperato denaro pubblico perch\u00e9 \u00e8 stato realizzato inutilmente un impianto a monte. E poi ci chiediamo perch\u00e9 l\u2019amministrazione comunale, e quindi i cittadini, paga quasi ventimila euro al mese per consumo di corrente elettrica per un problema che si sarebbe potuto risolvere in tempi brevi.<\/em><br \/>\n<strong>Fava:<\/strong><br \/>\n<em>I cittadini si lamentano sia della quantit\u00e0 che della qualit\u00e0. Infatti, a volte, dai rubinetti fuoriesce \u201cbiancastra\u201d e nessuno la utilizza per bere. Nonostante una serie di interpellanze non siamo mai riusciti a sapere chi e come viene gestito il servizio. E\u2019 necessario intervenire\u00a0 sulle condotte idriche fatiscenti\u00a0 che causano dispersione di acqua che \u00e8 gi\u00e0 insufficiente. Poi, i cittadini si chiedono il perch\u00e9 si sia realizzata una struttura a monte con sperpero di denaro pubblico e scempio ambientale, quando la soluzione pi\u00f9 semplice e meno costosa era quella di collegarsi alla condotta idrica del Consorzio?.<\/em><br \/>\n&nbsp;<br \/>\nIl problema dell&#8217;acqua, tematica ampiamente trattata anche durante i comizi elettorali, \u00e8 stato anche uno dei punti pi\u00f9 importanti durante l&#8217;incontro\/dibattito tra i tre candidati a sindaco. Per la popolazione, dunque, un sollievo, in quanto, in un modo o nell&#8217;altro, si potrebbe, a breve, uscire dall&#8217;annoso problema.<br \/>\n&nbsp;<br \/>\n<strong>5) Come intende intervenire per la realizzazione o il completamento delle opere pubbliche pi\u00f9 importanti, quali scuole, strade, casa albergo anziani, cimitero<\/strong><br \/>\n<strong>Novelli:<\/strong><br \/>\n<em>Le scuole e le strade hanno la priorit\u00e0 assoluta. Non abbiamo interesse per la casa albergo anziani, perch\u00e9 riteniamo che il recupero sociale dell\u2019anziano avvenga in strada, nella vita sociale, in modo che si renda conto della sua capacit\u00e0 di essere nonno e padre e di tramandarci conoscenze utili alla vita del paese. Riguardo al cimitero, non siamo d\u2019accordo che sia realizzato vicino al lago, ma riteniamo utile l\u2019ampliamento dell\u2019attuale.<\/em><br \/>\n<strong>Fava:<\/strong><br \/>\n<em>Questa amministrazione ha gestito, tra vecchi e nuovi finanziamenti, vari milioni di euro, ma potevano essere sfruttati meglio, a cominciare dalla villa comunale e la pubblica illuminazione. Per le scuole un finanziamento ricevuto nel 2012 \u00e8 stato utilizzato solo ora e frettolosamente. A mio avviso c\u2019\u00e8 stata una cattiva gestione dell\u2019appalto. Intendiamo riprendere tutte queste opere in maniera oculata. Vogliamo, inoltre, che il mattatoio diventi una struttura utilizzata dai cittadini. Ci sono numerose associazioni culturali che non hanno una sede. Anche il palazzetto dello sport \u00e8 fermo senza un perch\u00e9. Riguardo al cimitero siamo contrari che venga realizzato vicino al lago. Poi ci vuole una forte accelerata per\u00a0 l\u2019adozione del Piano urbanistico comunale, che \u00e8 di primaria importanza per lo sviluppo socio-economico del paese.<\/em><br \/>\n<strong>Santoro:<\/strong><br \/>\n<em>Falciano \u00e8 stato ed \u00e8 un cantiere aperto. Ha ricevuto circa nove milioni di finanziamenti a costo zero. Sono state realizzate numerose opere: rifatto il manto stradale, i marciapiedi lungo le quattro direttive di ingresso al paese. Fruiamo di un finanziamento di quasi 4 milioni per la casa albergo anziani, sempre a totale carico dello Stato. E cos\u00ec interventi sulle scuole, di cui uno gi\u00e0 portato a termine. Abbiamo buone possibilit\u00e0 di ricevere un finanziamento regionale per il riassetto idrogeologico di monte Massico. Per quanto riguarda il Puc, noi abbiamo approvato i preliminari; basta un altro passo per concludere l\u2019iter.\u00a0 Il problema del cimitero va avanti da anni. L\u2019ampliamento non era possibile per vari motivi, per cui si \u00e8 preferita la soluzione di costruirne uno nuovo. Abbiamo individuato uno spazio che \u00e8 a 1200 metri dal lago. Per la realizzazione abbiamo pensato a un project financyng. \u00a0\u00a0\u00a0\u00a0<\/em><br \/>\n&nbsp;<br \/>\nSi passa alle tasse, anche questa una tematica molto discussa in questa campagna elettorale.<br \/>\n<strong>6) Come pensa di alleggerire di alleggerire il peso delle tasse e dei contributi e venire incontro alle fasce pi\u00f9 deboli? <\/strong><br \/>\n<strong>Fava:<\/strong><br \/>\n<em>Questa amministrazione ha aumentato le tasse, portandole ai livelli massimi. In cambio non c\u2019\u00e8 stata un\u2019offerta di servizi efficienti, anzi si \u00e8 registrata una serie di sperperi. Credo che una maggiore oculatezza nell\u2019utilizzo di denaro pubblico avrebbe condotto ad abbassare le tariffe delle tasse. Peggio ancora, l\u2019amministrazione ha pagato, per oltre due anni, fatture di importo totale, mentre parte dei servizi pagati non venivano effettuati. Tutto ci\u00f2 soprattutto il servizio di raccolta \u00a0e smaltimento rifiuti. Molto alto anche il costo dello smaltimento rifiuti rispetto alle tariffe di mercato. Cos\u00ec ci troviamo senza isola ecologica e senza raccolta multi materiale che dovrebbe essere una ricchezza per l\u2019ente perch\u00e9 pu\u00f2 essere venduto.<\/em><br \/>\n<strong>Santoro:<\/strong><br \/>\n<em>In seguito a uno studio risulta che siamo il comune con le tariffe pi\u00f9 basse rispetto ad altri comuni limitrofi. In particolare, la tassa sui rifiuti \u00e8 rimasta invariata con l\u2019ultimo affidamento alla ditta che gestisce il servizio. Per lo smaltimento dei rifiuti il nostro \u00e8 il prezzo pi\u00f9 basso. Anche le tariffe del consumo dell\u2019acqua sono le pi\u00f9 basse della regione Campania. Inoltre prevediamo di andare incontro alle fasce pi\u00f9 deboli. Voglio evidenziare che ci siamo caratterizzati come\u00a0 \u201cl\u2019amministrazione del fare\u201d e abbiamo fatto quanto potevamo.<\/em><br \/>\n<strong>Novelli:<\/strong><br \/>\n<em>Ritengo che con maggiore oculatezza e con una seria progettualit\u00e0 si potranno alleggerire le tasse. Se il sindaco continua a dire che la differenziata \u00e8 passata dal 33% al 70% \u00e8 merito dei cittadini che per\u00f2 non hanno fruito di alcuna riduzione. E\u2019 necessario ridurre le spese di smaltimento dei rifiuti, recuperando denaro attraverso la trasformazione di rifiuti di plastica, alluminio, carta. Naturalmente, senza esternalizzare il servizio perch\u00e9 a Falciano ci sono professionalit\u00e0 in grado di ben operare. Questo, insieme a un progetto pi\u00f9 ampio, permetterebbe la nascita di cooperative e quindi lavoro per i giovani e anche di andare incontro alle fasce pi\u00f9 deboli. <strong>\u00a0\u00a0\u00a0\u00a0<\/strong><\/em><br \/>\n&nbsp;<br \/>\nIl consueto appello agli elettori che chiude l&#8217;intervista del giornalista Oreste D&#8217;Onofrio.<br \/>\n<em><strong>7)\u00a0<\/strong><\/em><strong>Un appello agli elettori<\/strong><br \/>\n<strong>Santoro:<\/strong><br \/>\n<em>Abbiamo bisogno di un altro mandato per completare il nostro programma. Abbiamo fatto tanto in questi cinque anni, ma abbiamo bisogno di altro tempo per completare opere importanti gi\u00e0 iniziate o finanziate.<\/em><br \/>\n<strong>Novelli:<\/strong><br \/>\n<em>Noi siamo l\u2019unica vera alternativa all\u2019attuale amministrazione. Il nostro primo obiettivo \u00e8 recuperare la trasparenza e la visibilit\u00e0 degli atti. E poi il nostro \u00e8 un programma innovativo e concreto che potr\u00e0 essere realizzato da persone che desiderano il bene dei cittadini di Falciano, come i nostri candidati e sostenitori.<\/em><br \/>\n<strong>Fava:<\/strong><br \/>\n<em>Ai cittadini continueremo a dire che abbiamo tanta voglia di lavorare per il paese e di amministrare solo per il bene comune. Sicuramente non useremo la macchina amministrativa per assumere all\u2019ente parenti diretti; questo \u00e8 un fatto innegabile che va evidenziato.\u00a0<\/em><br \/>\nNoi di The Report Zone vi rimandiamo alla lettura della Rivista LIMEN che proporr\u00e0 l&#8217;incontro da noi riportato in sintesi in maniera pi\u00f9 dettagliata e ringraziamo il giornalista Oreste D&#8217;Onofrio per la possibilit\u00e0, da lui dataci, di collaborare con lui.<\/p>\n","protected":false},"excerpt":{"rendered":"<p>&nbsp; &nbsp; FALCIANO. Come anticipato vi proponiamo una sintesi dell&#8217;incontro\/dibattito avvenuto presso la sala consiliare tra i tre<\/p>\n","protected":false},"author":2,"featured_media":15244,"comment_status":"closed","ping_status":"closed","sticky":false,"template":"","format":"standard","meta":{"sfsi_plus_gutenberg_text_before_share":"","sfsi_plus_gutenberg_show_text_before_share":"","sfsi_plus_gutenberg_icon_type":"","sfsi_plus_gutenberg_icon_alignemt":"","sfsi_plus_gutenburg_max_per_row":"","footnotes":""},"categories":[4,9],"tags":[3610,3647,3604,195,4833],"class_list":["post-15243","post","type-post","status-publish","format-standard","has-post-thumbnail","hentry","category-falciano","category-politica","tag-falciano-al-voto","tag-falciano-comune","tag-falciano-elezioni","tag-politica-2","tag-uniti-per-falciano"],"_links":{"self":[{"href":"https:\/\/www.thereportzone.it\/index.php?rest_route=\/wp\/v2\/posts\/15243"}],"collection":[{"href":"https:\/\/www.thereportzone.it\/index.php?rest_route=\/wp\/v2\/posts"}],"about":[{"href":"https:\/\/www.thereportzone.it\/index.php?rest_route=\/wp\/v2\/types\/post"}],"author":[{"embeddable":true,"href":"https:\/\/www.thereportzone.it\/index.php?rest_route=\/wp\/v2\/users\/2"}],"replies":[{"embeddable":true,"href":"https:\/\/www.thereportzone.it\/index.php?rest_route=%2Fwp%2Fv2%2Fcomments&post=15243"}],"version-history":[{"count":0,"href":"https:\/\/www.thereportzone.it\/index.php?rest_route=\/wp\/v2\/posts\/15243\/revisions"}],"wp:featuredmedia":[{"embeddable":true,"href":"https:\/\/www.thereportzone.it\/index.php?rest_route=\/"}],"wp:attachment":[{"href":"https:\/\/www.thereportzone.it\/index.php?rest_route=%2Fwp%2Fv2%2Fmedia&parent=15243"}],"wp:term":[{"taxonomy":"category","embeddable":true,"href":"https:\/\/www.thereportzone.it\/index.php?rest_route=%2Fwp%2Fv2%2Fcategories&post=15243"},{"taxonomy":"post_tag","embeddable":true,"href":"https:\/\/www.thereportzone.it\/index.php?rest_route=%2Fwp%2Fv2%2Ftags&post=15243"}],"curies":[{"name":"wp","href":"https:\/\/api.w.org\/{rel}","templated":true}]}}