{"id":15148,"date":"2017-05-28T12:45:00","date_gmt":"2017-05-28T10:45:00","guid":{"rendered":"http:\/\/www.thereportzone.it\/?p=15148"},"modified":"2017-05-28T12:45:00","modified_gmt":"2017-05-28T10:45:00","slug":"festa-san-rocco-si-e-costituito-il-nuovo-comitato-festeggiamenti-tutti-i-nomi","status":"publish","type":"post","link":"https:\/\/www.thereportzone.it\/?p=15148","title":{"rendered":"FESTA SAN ROCCO &#8211; Si \u00e8 costituito il nuovo Comitato Festeggiamenti &#8211; TUTTI I NOMI"},"content":{"rendered":"<p>&nbsp;<br \/>\n&nbsp;<br \/>\n<strong>FALCIANO<\/strong>. La stagione estiva \u00e8 ormai alle porte e, dopo essersi formato il comitato festeggiamenti per la Festa Patronale di San Pietro, ieri ci \u00e8 giunta notizia che anche per la Festa Patronale di San Rocco il comitato \u00e8 gi\u00e0 pronto. Siamo sicuri che saranno due grandi Feste Patronali, ricche di eventi e di divertimenti.<br \/>\n&nbsp;<br \/>\nAugurando un in bocca al lupo e buon lavoro a questi ragazzi vi alleghiamo la lista dei componenti:<\/p>\n<p style=\"text-align: center;\"><strong>Comitato Festa San Rocco 2017:<\/strong><\/p>\n<p style=\"text-align: center;\">Don Valentino Simoniello &#8220;Presidente&#8221;<\/p>\n<p style=\"text-align: center;\">Gaetano Paolella &#8220;Direttore&#8221; <span class=\"text_exposed_show\"><br \/>\nAssunta Rea<br \/>\nAlessandro Scialo&#8217; &#8220;Cassiere&#8221;<br \/>\nMariagrazia Di Gregorio<br \/>\nSalvatore Troiano<br \/>\nAngelo De Cristofaro &#8220;Vice Direttore&#8221;<br \/>\nPatrizia Boffi &#8220;Vice Segretaria&#8221;<br \/>\nAntonella Satta<br \/>\nPatrizia Matacena<br \/>\nEmilio Verrillo<br \/>\nEmiliana Verrillo<br \/>\nInnocenza Sciaudone<br \/>\nBarbara La Medica<br \/>\nDomenico Di Marco<br \/>\nRosa Scarano<br \/>\nEgidio Scialo&#8217; &#8220;Segretario&#8221;<br \/>\nAntonio Marrafino<br \/>\nAntonella Scarano<br \/>\nGiuseppe Razzino &#8220;Il Gagliardo&#8221;<\/span><\/p>\n","protected":false},"excerpt":{"rendered":"<p>&nbsp; &nbsp; FALCIANO. La stagione estiva \u00e8 ormai alle porte e, dopo essersi formato il comitato festeggiamenti per<\/p>\n","protected":false},"author":2,"featured_media":15149,"comment_status":"closed","ping_status":"closed","sticky":false,"template":"","format":"standard","meta":{"sfsi_plus_gutenberg_text_before_share":"","sfsi_plus_gutenberg_show_text_before_share":"","sfsi_plus_gutenberg_icon_type":"","sfsi_plus_gutenberg_icon_alignemt":"","sfsi_plus_gutenburg_max_per_row":"","footnotes":""},"categories":[10,4],"tags":[4991,629,5017,5105],"class_list":["post-15148","post","type-post","status-publish","format-standard","has-post-thumbnail","hentry","category-cultura","category-falciano","tag-comitato-festeggiamenti","tag-falciano-del-massico","tag-festa-san-rocco","tag-festa-san-rocco-falciano"],"_links":{"self":[{"href":"https:\/\/www.thereportzone.it\/index.php?rest_route=\/wp\/v2\/posts\/15148"}],"collection":[{"href":"https:\/\/www.thereportzone.it\/index.php?rest_route=\/wp\/v2\/posts"}],"about":[{"href":"https:\/\/www.thereportzone.it\/index.php?rest_route=\/wp\/v2\/types\/post"}],"author":[{"embeddable":true,"href":"https:\/\/www.thereportzone.it\/index.php?rest_route=\/wp\/v2\/users\/2"}],"replies":[{"embeddable":true,"href":"https:\/\/www.thereportzone.it\/index.php?rest_route=%2Fwp%2Fv2%2Fcomments&post=15148"}],"version-history":[{"count":0,"href":"https:\/\/www.thereportzone.it\/index.php?rest_route=\/wp\/v2\/posts\/15148\/revisions"}],"wp:featuredmedia":[{"embeddable":true,"href":"https:\/\/www.thereportzone.it\/index.php?rest_route=\/"}],"wp:attachment":[{"href":"https:\/\/www.thereportzone.it\/index.php?rest_route=%2Fwp%2Fv2%2Fmedia&parent=15148"}],"wp:term":[{"taxonomy":"category","embeddable":true,"href":"https:\/\/www.thereportzone.it\/index.php?rest_route=%2Fwp%2Fv2%2Fcategories&post=15148"},{"taxonomy":"post_tag","embeddable":true,"href":"https:\/\/www.thereportzone.it\/index.php?rest_route=%2Fwp%2Fv2%2Ftags&post=15148"}],"curies":[{"name":"wp","href":"https:\/\/api.w.org\/{rel}","templated":true}]}}