{"id":15135,"date":"2017-05-26T11:44:41","date_gmt":"2017-05-26T09:44:41","guid":{"rendered":"http:\/\/www.thereportzone.it\/?p=15135"},"modified":"2017-05-26T11:44:41","modified_gmt":"2017-05-26T09:44:41","slug":"comunicato-falciano-libera-il-prof-zannone-passa-alloffensiva-tempesta-in-arrivo","status":"publish","type":"post","link":"https:\/\/www.thereportzone.it\/?p=15135","title":{"rendered":"COMUNICATO FALCIANO LIBERA &#8211; Il Prof. Zannone passa all&#8217;offensiva. Tempesta in arrivo"},"content":{"rendered":"<p>&nbsp;<br \/>\n&nbsp;<br \/>\n<strong>FALCIANO<\/strong>. Riceviamo e pubblichiamo il comunicato di FalcianoLibera. Il movimento politico\u00a0 FalcianoLibera di cui \u00e8 referente il prof. Mario Zannone interviene all\u2019indomani del pubblico comizio della lista capeggiata dall\u2019ing. Erasmo Fava.<br \/>\n&nbsp;<br \/>\n\u201cLe volgari invettive e i disdicevoli riferimenti a fatti inerenti la sfera personale e familiare del prof. Zannone rimarcano la pochezza culturale e politica di quanti hanno inteso inveire. L\u2019utilizzazione del balcone per livori e vendette private da consumare non mette al riparo dalla risposta che arriver\u00e0 a breve all\u2019ing. Fava, ai consiglieri Freddino, Prata e al prof. Toscano da parte del referente\u00a0 prof. Zannone.<br \/>\n&nbsp;<br \/>\nAl consigliere Freddino, noto per le dimostrate incapacit\u00e0 politiche, pi\u00f9 aduso ad evidenziare circostanze \u00a0afferenti la sfera anche dolorosa delle vicende familiari del prof. Zannone, si risponde -in attesa di pi\u00f9 dettagliate e precisi riscontri- ribadendo che si \u00e8 al soldo dei padroni di turno\u00a0 e ricattati dagli stessi quando manca la cultura e l\u2019 indipendenza economica.<br \/>\n&nbsp;<br \/>\nRisponda il consigliere Freddino alle 19 domande formulate tempo addietro. Smentisca quanto riferito dall\u2019ex sindaco dr. Giulio Fava sul suo conto e sveli i contenuti\u00a0 di quanto riferito dal dr. Fava ai Carabinieri di Mondragone.\u00a0 A livello privato e politico il prof. Zannone risulta in grado di sostenere, per agiatezza economica,\u00a0 le conseguenze di giudizi soccombenti conseguenti l\u2019attivit\u00e0 consiliare, di\u00a0 provvedere a recuperare l\u2019abitazione familiare invischiata in ostruzionismi di natura coniugale,\u00a0 di indirizzare gli elettori alla vittoria amministrativa al fine di dare seguito alle buone idee. Il Movimento FalcianoLibera\u00a0 intende collaborare allo sviluppo del paese.<br \/>\n&nbsp;<br \/>\nLa credibilit\u00e0, la seriet\u00e0, la coerenza nell\u2019individuare il cammino da percorrere \u00e8 sostenuto da centinaia di cittadini\u00a0 che hanno appoggiato l\u2019accordo politico-amministrativo.\u00a0 I numeri e i contenuti stanno dando ragione a FalcianoLibera.\u00a0 L\u2019ing. Fava perder\u00e0 le elezioni, lo sanno tutti e se lo dicono tra di loro. La gente \u00e8 attenta e dar\u00e0 una lezione indimenticabile, come cinque anni fa, a chi usa la cittadinanza per scopi personali.\u00a0<em>QUESTA SERA DIRETTA CON IL REFERENTE PROF. MARIO ZANNONE IN RISPOSTA AL COMIZIO DI IERI SERA DI ERASMO FAVA, IGOR PRATA, CORRADO FREDDINO E GIUSEPPE TOSCANO&#8221;.\u00a0<\/em><\/p>\n","protected":false},"excerpt":{"rendered":"<p>&nbsp; &nbsp; FALCIANO. Riceviamo e pubblichiamo il comunicato di FalcianoLibera. Il movimento politico\u00a0 FalcianoLibera di cui \u00e8 referente<\/p>\n","protected":false},"author":2,"featured_media":13753,"comment_status":"closed","ping_status":"closed","sticky":false,"template":"","format":"standard","meta":{"sfsi_plus_gutenberg_text_before_share":"","sfsi_plus_gutenberg_show_text_before_share":"","sfsi_plus_gutenberg_icon_type":"","sfsi_plus_gutenberg_icon_alignemt":"","sfsi_plus_gutenburg_max_per_row":"","footnotes":""},"categories":[4,9],"tags":[3485,3610,4828,3647,4830],"class_list":["post-15135","post","type-post","status-publish","format-standard","has-post-thumbnail","hentry","category-falciano","category-politica","tag-elezioni-falciano","tag-falciano-al-voto","tag-falciano-bene-comune","tag-falciano-comune","tag-falciano-libera"],"_links":{"self":[{"href":"https:\/\/www.thereportzone.it\/index.php?rest_route=\/wp\/v2\/posts\/15135"}],"collection":[{"href":"https:\/\/www.thereportzone.it\/index.php?rest_route=\/wp\/v2\/posts"}],"about":[{"href":"https:\/\/www.thereportzone.it\/index.php?rest_route=\/wp\/v2\/types\/post"}],"author":[{"embeddable":true,"href":"https:\/\/www.thereportzone.it\/index.php?rest_route=\/wp\/v2\/users\/2"}],"replies":[{"embeddable":true,"href":"https:\/\/www.thereportzone.it\/index.php?rest_route=%2Fwp%2Fv2%2Fcomments&post=15135"}],"version-history":[{"count":0,"href":"https:\/\/www.thereportzone.it\/index.php?rest_route=\/wp\/v2\/posts\/15135\/revisions"}],"wp:featuredmedia":[{"embeddable":true,"href":"https:\/\/www.thereportzone.it\/index.php?rest_route=\/"}],"wp:attachment":[{"href":"https:\/\/www.thereportzone.it\/index.php?rest_route=%2Fwp%2Fv2%2Fmedia&parent=15135"}],"wp:term":[{"taxonomy":"category","embeddable":true,"href":"https:\/\/www.thereportzone.it\/index.php?rest_route=%2Fwp%2Fv2%2Fcategories&post=15135"},{"taxonomy":"post_tag","embeddable":true,"href":"https:\/\/www.thereportzone.it\/index.php?rest_route=%2Fwp%2Fv2%2Ftags&post=15135"}],"curies":[{"name":"wp","href":"https:\/\/api.w.org\/{rel}","templated":true}]}}