{"id":15131,"date":"2017-05-26T09:50:11","date_gmt":"2017-05-26T07:50:11","guid":{"rendered":"http:\/\/www.thereportzone.it\/?p=15131"},"modified":"2017-05-26T09:50:11","modified_gmt":"2017-05-26T07:50:11","slug":"capua-impegno-sociale-dedicato-alla-villa-comunale-la-foto","status":"publish","type":"post","link":"https:\/\/www.thereportzone.it\/?p=15131","title":{"rendered":"CAPUA &#8211; Impegno sociale dedicato alla Villa Comunale &#8211; LA FOTO"},"content":{"rendered":"<p>&nbsp;<br \/>\n&nbsp;<br \/>\n<strong>CAPUA<\/strong>.\u00a0Da un paio di giorni la sinergia e la collaborazione attiva e costruttiva di persone, associazioni, cooperative e Comune di Capua stanno facendo in modo che la villa comunale possa essere restituita alla cittadinanza.<br \/>\nDa luned\u00ec armati di volont\u00e0 e passione questo folto gruppo sta ripulendo, con potature e decespugliatore, l&#8217;intera villa comunale. Un elogio \u00e8 doveroso agli addetti alla manutenzione del comune che guidano i vari volontari ed ai beneficiari del progetto S.P.R.A.R. di Capua con il loro tour Raffaele Traisci appartenente alla Cooperativa Citt\u00e0 Irene.<br \/>\nGrande impegno anche da parte dei ragazzi del Progetto regionale garanzia giovani. Ecco un gran bel esempio di cooperazione di gruppo.<br \/>\n&nbsp;<br \/>\n<img fetchpriority=\"high\" decoding=\"async\" class=\"aligncenter size-full wp-image-15132\" src=\"http:\/\/www.thereportzone.it\/wp-content\/uploads\/2017\/05\/capua.jpg\" alt=\"\" width=\"720\" height=\"540\" \/><br \/>\n&nbsp;<\/p>\n","protected":false},"excerpt":{"rendered":"<p>&nbsp; &nbsp; CAPUA.\u00a0Da un paio di giorni la sinergia e la collaborazione attiva e costruttiva di persone, associazioni,<\/p>\n","protected":false},"author":2,"featured_media":15132,"comment_status":"closed","ping_status":"closed","sticky":false,"template":"","format":"standard","meta":{"sfsi_plus_gutenberg_text_before_share":"","sfsi_plus_gutenberg_show_text_before_share":"","sfsi_plus_gutenberg_icon_type":"","sfsi_plus_gutenberg_icon_alignemt":"","sfsi_plus_gutenburg_max_per_row":"","footnotes":""},"categories":[6,9],"tags":[4882,4883,4884,4885],"class_list":["post-15131","post","type-post","status-publish","format-standard","has-post-thumbnail","hentry","category-caserta","category-politica","tag-capua-comune","tag-capua-villa-comunale","tag-centro-sprar-capua","tag-sociale-capua"],"_links":{"self":[{"href":"https:\/\/www.thereportzone.it\/index.php?rest_route=\/wp\/v2\/posts\/15131"}],"collection":[{"href":"https:\/\/www.thereportzone.it\/index.php?rest_route=\/wp\/v2\/posts"}],"about":[{"href":"https:\/\/www.thereportzone.it\/index.php?rest_route=\/wp\/v2\/types\/post"}],"author":[{"embeddable":true,"href":"https:\/\/www.thereportzone.it\/index.php?rest_route=\/wp\/v2\/users\/2"}],"replies":[{"embeddable":true,"href":"https:\/\/www.thereportzone.it\/index.php?rest_route=%2Fwp%2Fv2%2Fcomments&post=15131"}],"version-history":[{"count":0,"href":"https:\/\/www.thereportzone.it\/index.php?rest_route=\/wp\/v2\/posts\/15131\/revisions"}],"wp:featuredmedia":[{"embeddable":true,"href":"https:\/\/www.thereportzone.it\/index.php?rest_route=\/"}],"wp:attachment":[{"href":"https:\/\/www.thereportzone.it\/index.php?rest_route=%2Fwp%2Fv2%2Fmedia&parent=15131"}],"wp:term":[{"taxonomy":"category","embeddable":true,"href":"https:\/\/www.thereportzone.it\/index.php?rest_route=%2Fwp%2Fv2%2Fcategories&post=15131"},{"taxonomy":"post_tag","embeddable":true,"href":"https:\/\/www.thereportzone.it\/index.php?rest_route=%2Fwp%2Fv2%2Ftags&post=15131"}],"curies":[{"name":"wp","href":"https:\/\/api.w.org\/{rel}","templated":true}]}}