{"id":15120,"date":"2017-05-25T10:22:01","date_gmt":"2017-05-25T08:22:01","guid":{"rendered":"http:\/\/www.thereportzone.it\/?p=15120"},"modified":"2017-05-25T10:22:01","modified_gmt":"2017-05-25T08:22:01","slug":"ieri-sera-comizio-gabbiano-in-piazza-san-pietro-ascolta-tutti-gli-interventi","status":"publish","type":"post","link":"https:\/\/www.thereportzone.it\/?p=15120","title":{"rendered":"Ieri sera Comizio Gabbiano in Piazza San Pietro &#8211; ASCOLTA TUTTI GLI INTERVENTI"},"content":{"rendered":"<p>&nbsp;<br \/>\n&nbsp;<br \/>\n<strong>FALCIANO<\/strong>. Ieri sera alle ore 21.00 presso Piazza San Pietro, si \u00e8 svolto il secondo comizio della Lista Gabbiano. Ancora una volta, la Piazza del centro storico di Falciano, si \u00e8 mostrata essere la roccaforte del gruppo politico capeggiato dal sindaco uscente (e che si \u00e8 riproposto con la sua candidatura) Dott. <em><strong>Giosu\u00e8 Santoro<\/strong><\/em>.<br \/>\n&nbsp;<br \/>\nLa piazza era praticamente gremita e gli interventi dei candidati sono stati fortemente applauditi dalla folla. A parlare, ieri, oltre al candidato sindaco Santoro, la giovanissima candidata <strong><em>Giulia Capriglione<\/em><\/strong>, l&#8217;avvocato <em><strong>Salvatore Zannin<\/strong><\/em>i, la Dott.ssa <em><strong>Amalia Angelino<\/strong><\/em> e poi ancora <em><strong>Angelo Manica<\/strong><\/em>, <strong><em>Antonio Scarano<\/em><\/strong>, <em><strong>Pasquale Torrico.<\/strong><\/em><br \/>\n&nbsp;<\/p>\n<p style=\"text-align: center;\"><strong>Qui di seguito vi proponiamo tutti gli interventi che abbiamo trasmesso ieri sera <\/strong><\/p>\n<p style=\"text-align: center;\"><strong>in Radio Streaming:\u00a0<\/strong><\/p>\n<p><em><strong>INTERVENTO DEL SINDACO SANTORO <span style=\"color: #ff0000;\"><span style=\"color: #000000;\">(<\/span><a style=\"color: #ff0000;\" href=\"https:\/\/www.facebook.com\/TheReportZone\/videos\/940024312805260\/\">CLICCA QUI<\/a><span style=\"color: #000000;\">)<\/span><\/span><\/strong><\/em><br \/>\n<em><strong>INTERVENTO DI GIULIA CAPRIGLIONE<\/strong><\/em> \u00a0<em><strong>(<a href=\"https:\/\/www.facebook.com\/TheReportZone\/videos\/940015692806122\/\"><span style=\"color: #ff0000;\">CLICCA QUI<\/span><\/a>)<\/strong><\/em><br \/>\n<em><strong>INTERVENTO DI AMALIA ANGELINO \u00a0(<a href=\"https:\/\/www.facebook.com\/TheReportZone\/videos\/940007296140295\/\"><span style=\"color: #ff0000;\">CLICCA QUI<\/span><\/a>)<\/strong><\/em><br \/>\n<em><strong>INTERVENTO DI SALVATORE ZANNINI \u00a0 (<a href=\"https:\/\/www.facebook.com\/TheReportZone\/videos\/940018666139158\/\"><span style=\"color: #ff0000;\">CLICCA QUI<\/span><\/a>)<\/strong><\/em><br \/>\n<em><strong>INTERVENTO DI ANTONIO SCARANO \u00a0(<a href=\"https:\/\/www.facebook.com\/TheReportZone\/videos\/940010932806598\/\"><span style=\"color: #ff0000;\">CLICCA QUI<\/span><\/a>)<\/strong><\/em><br \/>\n<strong><em>INTERVENTO DI PASQUALE TORRICO \u00a0 (<a href=\"https:\/\/www.facebook.com\/TheReportZone\/videos\/940003592807332\/\"><span style=\"color: #ff0000;\">CLICCA QUI<\/span><\/a>)<\/em><\/strong><br \/>\n<strong><em>INTERVENTO DI ANGELO MANICA \u00a0(<a href=\"https:\/\/www.facebook.com\/TheReportZone\/videos\/939998219474536\/\"><span style=\"color: #ff0000;\">CLICCA QUI<\/span><\/a>)<\/em><\/strong><\/p>\n","protected":false},"excerpt":{"rendered":"<p>&nbsp; &nbsp; FALCIANO. Ieri sera alle ore 21.00 presso Piazza San Pietro, si \u00e8 svolto il secondo comizio<\/p>\n","protected":false},"author":2,"featured_media":15123,"comment_status":"closed","ping_status":"closed","sticky":false,"template":"","format":"standard","meta":{"sfsi_plus_gutenberg_text_before_share":"","sfsi_plus_gutenberg_show_text_before_share":"","sfsi_plus_gutenberg_icon_type":"","sfsi_plus_gutenberg_icon_alignemt":"","sfsi_plus_gutenburg_max_per_row":"","footnotes":""},"categories":[4,9],"tags":[4880,3657,3485,3610,629,3604,4881,4296],"class_list":["post-15120","post","type-post","status-publish","format-standard","has-post-thumbnail","hentry","category-falciano","category-politica","tag-amalia-angelino-candidata","tag-comune-di-falciano","tag-elezioni-falciano","tag-falciano-al-voto","tag-falciano-del-massico","tag-falciano-elezioni","tag-giulia-capriglione-candidata","tag-sindaco-santoro"],"_links":{"self":[{"href":"https:\/\/www.thereportzone.it\/index.php?rest_route=\/wp\/v2\/posts\/15120"}],"collection":[{"href":"https:\/\/www.thereportzone.it\/index.php?rest_route=\/wp\/v2\/posts"}],"about":[{"href":"https:\/\/www.thereportzone.it\/index.php?rest_route=\/wp\/v2\/types\/post"}],"author":[{"embeddable":true,"href":"https:\/\/www.thereportzone.it\/index.php?rest_route=\/wp\/v2\/users\/2"}],"replies":[{"embeddable":true,"href":"https:\/\/www.thereportzone.it\/index.php?rest_route=%2Fwp%2Fv2%2Fcomments&post=15120"}],"version-history":[{"count":0,"href":"https:\/\/www.thereportzone.it\/index.php?rest_route=\/wp\/v2\/posts\/15120\/revisions"}],"wp:featuredmedia":[{"embeddable":true,"href":"https:\/\/www.thereportzone.it\/index.php?rest_route=\/"}],"wp:attachment":[{"href":"https:\/\/www.thereportzone.it\/index.php?rest_route=%2Fwp%2Fv2%2Fmedia&parent=15120"}],"wp:term":[{"taxonomy":"category","embeddable":true,"href":"https:\/\/www.thereportzone.it\/index.php?rest_route=%2Fwp%2Fv2%2Fcategories&post=15120"},{"taxonomy":"post_tag","embeddable":true,"href":"https:\/\/www.thereportzone.it\/index.php?rest_route=%2Fwp%2Fv2%2Ftags&post=15120"}],"curies":[{"name":"wp","href":"https:\/\/api.w.org\/{rel}","templated":true}]}}