{"id":15042,"date":"2017-05-18T10:04:29","date_gmt":"2017-05-18T08:04:29","guid":{"rendered":"http:\/\/www.thereportzone.it\/?p=15042"},"modified":"2017-05-18T10:04:29","modified_gmt":"2017-05-18T08:04:29","slug":"cecere-acli-terra-finalmente-e-realta-il-reimpianto-degli-oliveti","status":"publish","type":"post","link":"https:\/\/www.thereportzone.it\/?p=15042","title":{"rendered":"Cecere (Acli Terra): \u201cFinalmente \u00e8 realt\u00e0 il reimpianto degli oliveti\u201d"},"content":{"rendered":"<p>&nbsp;<br \/>\n&nbsp;<br \/>\n<strong>NAZIONALE<\/strong>. <strong><em>Roma, 17 maggio 2017.<\/em><\/strong> \u201cEsprimiamo soddisfazione per l\u2019orientamento della Commissione Europea alla concessione della possibilit\u00e0 di reimpianto degli oliveti colpiti dalla Xylella\u201d \u00e8 quanto ha dichiarato il presidente nazionale di Acli Terra, Giuseppe Cecere, a seguito dell\u2019annuncio dell\u2019europarlamentare Paolo de Castro.<br \/>\nLa Commissione Ue, infatti, permetter\u00e0 il reimpianto delle variet\u00e0 di olivi \u201cLeccino\u201d e \u201cFavolosa\u201d in quanto tolleranti al batterio che ha desertificato le zone agricole della Puglia.<br \/>\n&nbsp;<br \/>\n\u201cSiamo grati al Ministro delle politiche agricole, Maurizio Martina, per l\u2019impegno profuso per l\u2019ottenimento di questo traguardo importantissimo- ha sottolineato Cecere &#8211; All\u2019inizio, infatti, le resistenze iniziali da parte dell\u2019Unione Europea avevano dato segnali di sfiducia ma grazie anche all\u2019intermediazione del Vice presidente della Commissione agricola Europea, De Castro, che ringraziamo, sono stati superati quegli ostacoli che avrebbero definitivamente distrutto un patrimonio mondiale, qual \u00e8 quello degli ulivi secolari\u201d.<br \/>\n&nbsp;<br \/>\nLa prossima tappa sar\u00e0 il 19 giugno, data in cui sar\u00e0 ufficiale la decisione presa dal Comitato fitosanitario permanente che, finalmente, permetter\u00e0 di creare le condizioni per rilanciare le attivit\u00e0 imprenditoriali degli olivicoltori.<br \/>\n<strong><em>\u00a0<\/em><\/strong><\/p>\n","protected":false},"excerpt":{"rendered":"<p>&nbsp; &nbsp; NAZIONALE. Roma, 17 maggio 2017. \u201cEsprimiamo soddisfazione per l\u2019orientamento della Commissione Europea alla concessione della possibilit\u00e0<\/p>\n","protected":false},"author":2,"featured_media":11129,"comment_status":"closed","ping_status":"closed","sticky":false,"template":"","format":"standard","meta":{"sfsi_plus_gutenberg_text_before_share":"","sfsi_plus_gutenberg_show_text_before_share":"","sfsi_plus_gutenberg_icon_type":"","sfsi_plus_gutenberg_icon_alignemt":"","sfsi_plus_gutenburg_max_per_row":"","footnotes":""},"categories":[6,9],"tags":[4774,4775,4869,4870,4871,4872],"class_list":["post-15042","post","type-post","status-publish","format-standard","has-post-thumbnail","hentry","category-caserta","category-politica","tag-acli","tag-acli-terra","tag-cecere-acli-terra","tag-giuseppe-cecere","tag-oliveti-puglia","tag-olivicoltori-puglia"],"_links":{"self":[{"href":"https:\/\/www.thereportzone.it\/index.php?rest_route=\/wp\/v2\/posts\/15042"}],"collection":[{"href":"https:\/\/www.thereportzone.it\/index.php?rest_route=\/wp\/v2\/posts"}],"about":[{"href":"https:\/\/www.thereportzone.it\/index.php?rest_route=\/wp\/v2\/types\/post"}],"author":[{"embeddable":true,"href":"https:\/\/www.thereportzone.it\/index.php?rest_route=\/wp\/v2\/users\/2"}],"replies":[{"embeddable":true,"href":"https:\/\/www.thereportzone.it\/index.php?rest_route=%2Fwp%2Fv2%2Fcomments&post=15042"}],"version-history":[{"count":0,"href":"https:\/\/www.thereportzone.it\/index.php?rest_route=\/wp\/v2\/posts\/15042\/revisions"}],"wp:featuredmedia":[{"embeddable":true,"href":"https:\/\/www.thereportzone.it\/index.php?rest_route=\/"}],"wp:attachment":[{"href":"https:\/\/www.thereportzone.it\/index.php?rest_route=%2Fwp%2Fv2%2Fmedia&parent=15042"}],"wp:term":[{"taxonomy":"category","embeddable":true,"href":"https:\/\/www.thereportzone.it\/index.php?rest_route=%2Fwp%2Fv2%2Fcategories&post=15042"},{"taxonomy":"post_tag","embeddable":true,"href":"https:\/\/www.thereportzone.it\/index.php?rest_route=%2Fwp%2Fv2%2Ftags&post=15042"}],"curies":[{"name":"wp","href":"https:\/\/api.w.org\/{rel}","templated":true}]}}