{"id":15013,"date":"2017-05-17T09:38:35","date_gmt":"2017-05-17T07:38:35","guid":{"rendered":"http:\/\/www.thereportzone.it\/?p=15013"},"modified":"2017-05-17T09:38:35","modified_gmt":"2017-05-17T07:38:35","slug":"elezioni-2017-intervista-al-sindaco-santoro-falciano-sara-la-perla-dellager-falernus","status":"publish","type":"post","link":"https:\/\/www.thereportzone.it\/?p=15013","title":{"rendered":"ELEZIONI 2017 &#8211; Intervista al sindaco Santoro: &#8220;Falciano sar\u00e0 la perla dell&#8217;Ager Falernus&#8221;"},"content":{"rendered":"<p>&nbsp;<br \/>\n&nbsp;<br \/>\n&nbsp;<br \/>\n<figure id=\"attachment_15018\" aria-describedby=\"caption-attachment-15018\" style=\"width: 550px\" class=\"wp-caption aligncenter\"><img fetchpriority=\"high\" decoding=\"async\" class=\"wp-image-15018 size-full\" src=\"http:\/\/www.thereportzone.it\/wp-content\/uploads\/2017\/05\/campania.jpg\" alt=\"\" width=\"550\" height=\"247\" \/><figcaption id=\"caption-attachment-15018\" class=\"wp-caption-text\">Lago di Falciano del Massico<\/figcaption><\/figure><br \/>\n&nbsp;<br \/>\n&nbsp;<br \/>\n<strong>FALCIANO<\/strong>.\u00a0Poche interviste, scarsa comunicazione e tanto lavoro per assicurare a Falciano i servizi e l\u2019ammodernamento delle infrastrutture. Un bilancio che, oggi, alla vigilia delle elezioni amministrative s\u2019 intende proporre ai cittadini.<br \/>\n&nbsp;<br \/>\n<strong>Sig. Sindaco, allora ci siamo. E\u2019 il momento di parlare e dire le cose come stanno visto che la dipingono male. Insomma dica adesso che cosa \u00e8 accaduto in questi ultimi cinque anni. <\/strong><br \/>\n&nbsp;<br \/>\n\u201c<em>Guardi, il temperamento mite e moderato, l\u2019accoglienza dei suggerimenti, la ricerca di idee nuove \u00a0e collaborazioni\u00a0 non ha portato ad un clima di tranquilla dialettica politica ed amministrativa. Nell\u2019ultimo anno, poi, si sono registrate addirittura denigrazioni e volgari manifesti tesi a sminuire la funzione e il ruolo del sindaco. Noi non siamo fatti cos\u00ec. Il rispetto delle istituzioni e di quelli che le rappresentano \u00e8 il fondamento del rapporto civile tra le parti. Purtroppo come maggioranza ci siamo trovati di fronte un\u2019opposizione inconsistente, priva di rappresentativit\u00e0, isolata anche con i loro sostenitori. Non hanno avuto una concertazione tra di loro e questo ha favorito l\u2019isolamento politico. Per mascherare questa arroganza anche nei confronti dei loro supporters hanno iniziato a\u00a0 inveire e dimenarsi per\u00a0 questioni tecniche e burocratiche\u201d<\/em>.<br \/>\n&nbsp;<br \/>\n<strong>Dr. Santoro lei sta accusando la minoranza\u2026<\/strong><br \/>\n&nbsp;<br \/>\n<em>\u201cNon \u00e8 un\u2019accusa ma la constatazione del fallimento politico e\u00a0 amministrativo di un\u2019 opposizione frutto di un\u2019avventurosa campagna elettorale di cinque anni fa, quando furono costretti a mettere in piedi una lista di rappresentanza. D\u2019altronde in questi anni non abbiamo avuto collaborazioni n\u00e9 proposte da parte loro. Saremmo stati ben lieti di valutarne la consistenza\u201d.<\/em><br \/>\n&nbsp;<br \/>\n<strong>Ma Lei si ritiene soddisfatto dell\u2019operato amministrativo? Insomma la questione della rotonda, della strada nei suoi terreni, della penuria dell\u2019acqua, della pubblica illuminazione, della villa, le assunzioni hanno lasciato il segno. Sig. Sindaco lei \u00e8 apparso pi\u00f9 un notaio che ratifica.<\/strong><br \/>\n<strong>\u00a0<\/strong><br \/>\n<em>\u201cNon essere un presenzialista e non rincorrere la visibilit\u00e0 portandomi la fascia in ogni occasione non significa non aver svolto bene il mandato. Sono il sindaco a capo di un\u2019amministrazione che ha portato a Falciano finanziamenti milionari.\u00a0 Di questa portata non se ne \u00a0ricordano nella storia del comune. \u00a0Questo \u00e8 un primato come quello di aver favorito l\u2019ammodernamento dell\u2019arredo urbano. Il paese \u00e8 stato per cinque anni pulitissimo grazie ad un servizio efficiente e responsabile. Si \u00e8 curata la manutenzione delle arterie\u00a0 e delle aree urbane invase da rovi ed erbacce. Tutti ricordano, appena insediati, \u00a0l\u2019alluvione che fece danni ingenti lungo via Vellaria e zone a valle. Case invase dall\u2019acqua. Una vergogna per un paese moderno trasandato e lasciato a morire dall\u2019amministrazione Fava che sotto questo punto di vista ha rappresentato l\u2019esempio del nulla. La pi\u00f9 grande opera di risanamento dei canali e fossati \u00e8 stata condotta dall\u2019amministrazione in carica per evitare altre sciagure. Per l\u2019illuminazione vi era un problema di lampade che stiamo cambiando. Ovviamente soltanto chi non opera non sbaglia. Importante \u00e8 risolvere. Sulla scuola abbiamo messo in campo una faraonica ristrutturazione degli edifici; e quando consegneremo la scuola media con la palestra sar\u00e0 veramente un orgoglio far studiare i ragazzi in locali risanati. Questo l\u2019abbiamo fatto noi, non i predecessori intenti\u00a0 a\u00a0 perdere tempo\u201d.<\/em><br \/>\n&nbsp;<br \/>\n<strong>La rotonda e l\u2019acqua?<\/strong><br \/>\n&nbsp;<br \/>\n<em>\u201cSoltanto chi non ha idee pensa alla realizzazione di una rotonda fuori dal baricentro. Quella rotonda \u00e8 stata pensata per il futuro. La carreggiata sar\u00e0 allargata a destra e a sinistra per entrambi i sensi di\u00a0 marcia, mentre all\u2019incrocio di Pietrasbirri si congiunger\u00e0 la circonvallazione tramite il segmento mancante. La rotonda tra qualche anno si ritrover\u00e0 al centro. Il problema dell\u2019acqua l\u2019abbiamo ereditato. Ci hanno consegnato una situazione drammatica e da irresponsabili. Abbiamo cercato di tamponare con soluzioni che sono costate migliaia di euro. Il problema per il futuro per\u00f2 \u00e8 l\u2019approvvigionamento. I pozzi sono a secco. Ecco allora che tra qualche mese porteremo l\u2019acqua alla centrale allacciandoci direttamente al Consorzio idrico. Avremo una estate sicura per poi passare all\u2019ammodernamento della centrale. Per la strada di cui lei parlava si pu\u00f2 dire che il collegamento tra due arterie \u00e8 fondamentale per un comparto urbanistico in espansione come quello di via Vellaria prospiciente la strada provinciale. Allora, secondo questo ragionamento, non si dovevano costruire strade n\u00e9 edifici n\u00e9 opere pubbliche perch\u00e9 riguardavano privati. Anzi dobbiamo ringraziare i privati che mettono a disposizione i terreni quando si tratta di opere pubbliche\u201d.<\/em><br \/>\n&nbsp;<br \/>\n<strong>E le assunzioni?<\/strong><br \/>\n&nbsp;<br \/>\n<em>&#8220;La legge sulla mobilit\u00e0 ci ha garantito la possibilit\u00e0 di integrare la pianta organica di tre unit\u00e0 lavorative. Erano lavoratori falcianesi in mobilit\u00e0. Qual \u00e8 lo scandalo, quello di portarli a Falciano invece che lasciarli ad altri enti? Perch\u00e9 prima o poi sarebbero stati assunti da altri\u00a0 comuni come verificatosi per numerosi lavoratori in esubero. Ingiustificato l\u2019accanimento visto che si tratta di cittadini falcianesi\u201d.<\/em><br \/>\n&nbsp;<br \/>\n<strong>Cosa ha da dire della sua nuova squadra?<\/strong><br \/>\n<em>&#8220;La nostra \u00e8 una lista pensata e in grado di rappresentare la stragrande maggioranza dei falcianesi che, certamente, non intendono affidarsi alle improvvisazioni. Oltre al \u00a0gruppo storico &#8211; al quale va il mio ringraziamento- sono sopraggiunte forze nuove e fresche. E\u2019 una lista rinnovata che vanta la pi\u00f9 giovane aspirante consigliera e nel complesso il pi\u00f9 alto numero di new entry\u201d.<\/em><br \/>\n&nbsp;<br \/>\n&nbsp;<br \/>\n<strong>Quali prospettive per Falciano? <\/strong><br \/>\n&nbsp;<br \/>\n<em>&#8220;Vivibilit\u00e0, lavoro, servizi efficienti e abbassamento delle tasse. Un impegno serio che ci porter\u00e0 a sviluppare il territorio intorno ad una agricoltura di eccellenza, mediante la pi\u00f9 grande opera di risanamento e manutenzione dei centri storici,\u00a0 con la \u00a0valorizzazione della differenziata che pu\u00f2 arrecare ricchezza per il comune e risparmio per i cittadini. Servizi efficienti e paese a misura di giovani con scuole all\u2019avanguardia e strutture ricreative di prim\u2019ordine. Falciano deve essere la perla dell\u2019Ager Falernus\u201d.<\/em><br \/>\n&nbsp;<br \/>\n<figure id=\"attachment_15011\" aria-describedby=\"caption-attachment-15011\" style=\"width: 259px\" class=\"wp-caption aligncenter\"><img decoding=\"async\" class=\"size-full wp-image-15011\" src=\"http:\/\/www.thereportzone.it\/wp-content\/uploads\/2017\/05\/283631_3796619031641_1133120618_n.jpg\" alt=\"\" width=\"259\" height=\"400\" \/><figcaption id=\"caption-attachment-15011\" class=\"wp-caption-text\">Sindaco Dott. Giosu\u00e8 Santoro<\/figcaption><\/figure><\/p>\n","protected":false},"excerpt":{"rendered":"<p>&nbsp; &nbsp; &nbsp; &nbsp; &nbsp; FALCIANO.\u00a0Poche interviste, scarsa comunicazione e tanto lavoro per assicurare a Falciano i servizi<\/p>\n","protected":false},"author":2,"featured_media":15011,"comment_status":"closed","ping_status":"closed","sticky":false,"template":"","format":"standard","meta":{"sfsi_plus_gutenberg_text_before_share":"","sfsi_plus_gutenberg_show_text_before_share":"","sfsi_plus_gutenberg_icon_type":"","sfsi_plus_gutenberg_icon_alignemt":"","sfsi_plus_gutenburg_max_per_row":"","footnotes":""},"categories":[4,9],"tags":[3657,3610,3647,3604,3606],"class_list":["post-15013","post","type-post","status-publish","format-standard","has-post-thumbnail","hentry","category-falciano","category-politica","tag-comune-di-falciano","tag-falciano-al-voto","tag-falciano-comune","tag-falciano-elezioni","tag-sindaco-falciano"],"_links":{"self":[{"href":"https:\/\/www.thereportzone.it\/index.php?rest_route=\/wp\/v2\/posts\/15013"}],"collection":[{"href":"https:\/\/www.thereportzone.it\/index.php?rest_route=\/wp\/v2\/posts"}],"about":[{"href":"https:\/\/www.thereportzone.it\/index.php?rest_route=\/wp\/v2\/types\/post"}],"author":[{"embeddable":true,"href":"https:\/\/www.thereportzone.it\/index.php?rest_route=\/wp\/v2\/users\/2"}],"replies":[{"embeddable":true,"href":"https:\/\/www.thereportzone.it\/index.php?rest_route=%2Fwp%2Fv2%2Fcomments&post=15013"}],"version-history":[{"count":0,"href":"https:\/\/www.thereportzone.it\/index.php?rest_route=\/wp\/v2\/posts\/15013\/revisions"}],"wp:featuredmedia":[{"embeddable":true,"href":"https:\/\/www.thereportzone.it\/index.php?rest_route=\/"}],"wp:attachment":[{"href":"https:\/\/www.thereportzone.it\/index.php?rest_route=%2Fwp%2Fv2%2Fmedia&parent=15013"}],"wp:term":[{"taxonomy":"category","embeddable":true,"href":"https:\/\/www.thereportzone.it\/index.php?rest_route=%2Fwp%2Fv2%2Fcategories&post=15013"},{"taxonomy":"post_tag","embeddable":true,"href":"https:\/\/www.thereportzone.it\/index.php?rest_route=%2Fwp%2Fv2%2Ftags&post=15013"}],"curies":[{"name":"wp","href":"https:\/\/api.w.org\/{rel}","templated":true}]}}