{"id":14946,"date":"2017-05-14T10:21:37","date_gmt":"2017-05-14T08:21:37","guid":{"rendered":"http:\/\/www.thereportzone.it\/?p=14946"},"modified":"2017-05-14T10:21:37","modified_gmt":"2017-05-14T08:21:37","slug":"sessa-aurunca-chiusura-a-nifo-le-parole-del-giovane-mannillo","status":"publish","type":"post","link":"https:\/\/www.thereportzone.it\/?p=14946","title":{"rendered":"SESSA AURUNCA &#8211; Chiusura A. Nifo, le parole del giovane Mannillo"},"content":{"rendered":"<p>&nbsp;<br \/>\n&nbsp;<br \/>\n<strong>SESSA AURUNCA<\/strong>. Dopo l&#8217;articolo pubblicato ieri su queste pagine continuiamo ad occuparci della questione della chiusura del Liceo Agostino Nifo.<br \/>\n&nbsp;<br \/>\nNell&#8217;articolo pubblicato ieri, in un punto in particolare, abbiamo citato lo studente Salvatore Mannillo, in prima linea contro la chiusura dell&#8217;istituto Scolastico.<br \/>\n&nbsp;<br \/>\nAbbiamo deciso di approfondire, con lui, facendoci lasciare alcune dichiarazioni: <em>&#8220;Nessuna polemica. Da studente ho riportato la notizia della chiusura della scuola individuando delle responsabilit\u00e0 diffuse ed oggettive che vanno dalla Provincia di Caserta ai rappresentanti della consulta. <\/em><br \/>\n<em>Sarebbe stato doveroso occuparsi di una questione risaputa da settembre come l&#8217;inagibilit\u00e0 del Liceo Classico. Io stesso quando mi sono candidato alla consulta ad ottobre ne avevo parlato con i miei compagni e avevo detto che avrei fatto di tutto per interfacciarmi con le autorit\u00e0 competenti. <\/em><br \/>\n<em>Speravo in una risposta dei nostri rappresentanti alla consulta alla mia sollecitazione e invece sono arrivate solo critiche infondate, inopportune, tendenziose e capziose.<\/em><br \/>\n<em>Adesso per\u00f2 \u00e8 ora di battersi per evitare la chiusura del Nifo. Faremo insieme ai miei compagni ci\u00f2 che i nostri rappresentanti non hanno saputo fare nelle sedi deputate. #avantiperilnifo&#8221;.<\/em><\/p>\n","protected":false},"excerpt":{"rendered":"<p>&nbsp; &nbsp; SESSA AURUNCA. Dopo l&#8217;articolo pubblicato ieri su queste pagine continuiamo ad occuparci della questione della chiusura<\/p>\n","protected":false},"author":2,"featured_media":14947,"comment_status":"closed","ping_status":"closed","sticky":false,"template":"","format":"standard","meta":{"sfsi_plus_gutenberg_text_before_share":"","sfsi_plus_gutenberg_show_text_before_share":"","sfsi_plus_gutenberg_icon_type":"","sfsi_plus_gutenberg_icon_alignemt":"","sfsi_plus_gutenburg_max_per_row":"","footnotes":""},"categories":[8,9,2968],"tags":[3659,3660,3661,522,1011],"class_list":["post-14946","post","type-post","status-publish","format-standard","has-post-thumbnail","hentry","category-cronaca","category-politica","category-sessa-aurunca","tag-amministrative-sessa-aurunca","tag-chiusura-agostino-nifo","tag-politica-sessa-aurunca","tag-provincia-di-caserta","tag-sessa-aurunca"],"_links":{"self":[{"href":"https:\/\/www.thereportzone.it\/index.php?rest_route=\/wp\/v2\/posts\/14946"}],"collection":[{"href":"https:\/\/www.thereportzone.it\/index.php?rest_route=\/wp\/v2\/posts"}],"about":[{"href":"https:\/\/www.thereportzone.it\/index.php?rest_route=\/wp\/v2\/types\/post"}],"author":[{"embeddable":true,"href":"https:\/\/www.thereportzone.it\/index.php?rest_route=\/wp\/v2\/users\/2"}],"replies":[{"embeddable":true,"href":"https:\/\/www.thereportzone.it\/index.php?rest_route=%2Fwp%2Fv2%2Fcomments&post=14946"}],"version-history":[{"count":0,"href":"https:\/\/www.thereportzone.it\/index.php?rest_route=\/wp\/v2\/posts\/14946\/revisions"}],"wp:featuredmedia":[{"embeddable":true,"href":"https:\/\/www.thereportzone.it\/index.php?rest_route=\/"}],"wp:attachment":[{"href":"https:\/\/www.thereportzone.it\/index.php?rest_route=%2Fwp%2Fv2%2Fmedia&parent=14946"}],"wp:term":[{"taxonomy":"category","embeddable":true,"href":"https:\/\/www.thereportzone.it\/index.php?rest_route=%2Fwp%2Fv2%2Fcategories&post=14946"},{"taxonomy":"post_tag","embeddable":true,"href":"https:\/\/www.thereportzone.it\/index.php?rest_route=%2Fwp%2Fv2%2Ftags&post=14946"}],"curies":[{"name":"wp","href":"https:\/\/api.w.org\/{rel}","templated":true}]}}