{"id":14807,"date":"2017-05-04T20:47:47","date_gmt":"2017-05-04T18:47:47","guid":{"rendered":"http:\/\/www.thereportzone.it\/?p=14807"},"modified":"2017-05-04T20:47:47","modified_gmt":"2017-05-04T18:47:47","slug":"falciano-de-santis-candidato-con-falciano-bene-comune-e-ufficiale","status":"publish","type":"post","link":"https:\/\/www.thereportzone.it\/?p=14807","title":{"rendered":"FALCIANO &#8211; De Santis candidato con Falciano Bene Comune: \u00e8 ufficiale"},"content":{"rendered":"<p>&nbsp;<br \/>\n&nbsp;<br \/>\n<strong>FALCIANO<\/strong>.\u00a0<em>E\u2019 giunto il tempo di fare una scelta, una di quelle importanti, una di quelle che segnano una svolta epocale nella propria esistenza. Non \u00e8 pi\u00f9 dato rimandare! Ebbene, in armonica continuit\u00e0 con il mio precedente comunicato, mediante il quale ufficializzavo il mio definitivo allontanamento dal progetto \u201cUniti per Falciano\u201d, mi ritrovo in questa sede ad ufficializzare il passo successivo, ossia la mia candidatura con la lista \u201cFalciano Bene Comune\u201d. <\/em><br \/>\n&nbsp;<br \/>\n<em>Non mi dilungher\u00f2, in quanto oggetto del mio scorso comunicato, sul fatto che la compagine elettorale dalla quale sono di recente uscito oramai non presenta pi\u00f9, secondo il mio parere personale, le caratteristiche di competitivit\u00e0 necessarie per sperare di poter raggiungere l\u2019obbiettivo primario che mi port\u00f2 all\u2019epoca a dare la mia disponibilit\u00e0 al medesimo progetto, ossia quello di ottenere un risultato vincente sulle altre due costituende liste, con la conseguenza di mettere fine alla cattiva gestione della cosa pubblica perpetrata dall\u2019attuale Amministrazione durante questi lunghi cinque anni. <\/em><br \/>\n&nbsp;<br \/>\n<em>Inoltre, ho amaramente preso atto che tutti i tentativi di fondere in un unico progetto le compagini \u201cUniti per Falciano\u201d e \u201cFalciano Bene Comune\u201d sono andati miseramente falliti per motivazioni, a parere di chi scrive, palesemente pretestuose e personalistiche. Ma io ho dei progetti per il nostro Paese! Ho dei programmi, che ho gi\u00e0 da tempo messo nero su bianco. <\/em><br \/>\n&nbsp;<br \/>\n<em>Non ho alcuna intenzione di buttarli al vento. Le mie priorit\u00e0, lo sanno tutti quelli che mi conoscono, sono la scuola e la salvaguardia del territorio. In questi anni ho portato avanti, in veste di privato cittadino, cruente battaglie nel tentativo di segnalare, senza timore e riverenza alcuna, le clamorose omissioni e negligenze dell\u2019attuale Amministrazione nei suddetti settori, e questo, credo, nessuno lo pu\u00f2 negare. <\/em><br \/>\n&nbsp;<br \/>\n<em>Ora \u00e8 giunto, per\u00f2, il momento di continuare a profondere tale impegno dall\u2019interno, ossia come parte integrante di una nuova Amministrazione, apportando a questa causa tutta la mia energia e, consentitemi, l\u2019etica e la coerenza che hanno sempre contraddistinto il mio comportamento in ambito personale e politico. Pertanto ho deciso di candidarmi con la lista \u201cFalciano Bene Comune\u201d, una compagine che ha sicuramente tutti i numeri per poter battere la costituenda lista erede del \u201cGabbiano\u201d. <\/em><br \/>\n&nbsp;<br \/>\n<em>Come gi\u00e0 sottolineato nel mio scorso comunicato, \u00e8 vero che in passato ho polemizzato con alcuni rappresentati della compagine della quale mi appresto ad entrare a far parte, ma poi, a seguito di un confronto serio e senza pregiudiziali di sorta con gli stessi, gli importanti obbiettivi comuni da raggiungere, il buon senso e la voglia di ridare dignit\u00e0 al nostro Paese, sono emersi prepotentemente ed hanno prevalso. <\/em><br \/>\n<em>Alla luce di queste considerazioni, come anticipato in precedenza, non ho pi\u00f9 dubbi nello sciogliere ogni riserva e comunicarvi la mia ufficiale candidatura al fianco di Erasmo Fava nella lista \u201cFalciano Bene Comune\u201d.<\/em><\/p>\n<p style=\"text-align: right;\"><em><strong>Geppino De Santis<\/strong><\/em><\/p>\n","protected":false},"excerpt":{"rendered":"<p>&nbsp; &nbsp; FALCIANO.\u00a0E\u2019 giunto il tempo di fare una scelta, una di quelle importanti, una di quelle che<\/p>\n","protected":false},"author":2,"featured_media":14340,"comment_status":"closed","ping_status":"closed","sticky":false,"template":"","format":"standard","meta":{"sfsi_plus_gutenberg_text_before_share":"","sfsi_plus_gutenberg_show_text_before_share":"","sfsi_plus_gutenberg_icon_type":"","sfsi_plus_gutenberg_icon_alignemt":"","sfsi_plus_gutenburg_max_per_row":"","footnotes":""},"categories":[4,9],"tags":[3485,3610,4828,3647],"class_list":["post-14807","post","type-post","status-publish","format-standard","has-post-thumbnail","hentry","category-falciano","category-politica","tag-elezioni-falciano","tag-falciano-al-voto","tag-falciano-bene-comune","tag-falciano-comune"],"_links":{"self":[{"href":"https:\/\/www.thereportzone.it\/index.php?rest_route=\/wp\/v2\/posts\/14807"}],"collection":[{"href":"https:\/\/www.thereportzone.it\/index.php?rest_route=\/wp\/v2\/posts"}],"about":[{"href":"https:\/\/www.thereportzone.it\/index.php?rest_route=\/wp\/v2\/types\/post"}],"author":[{"embeddable":true,"href":"https:\/\/www.thereportzone.it\/index.php?rest_route=\/wp\/v2\/users\/2"}],"replies":[{"embeddable":true,"href":"https:\/\/www.thereportzone.it\/index.php?rest_route=%2Fwp%2Fv2%2Fcomments&post=14807"}],"version-history":[{"count":0,"href":"https:\/\/www.thereportzone.it\/index.php?rest_route=\/wp\/v2\/posts\/14807\/revisions"}],"wp:featuredmedia":[{"embeddable":true,"href":"https:\/\/www.thereportzone.it\/index.php?rest_route=\/"}],"wp:attachment":[{"href":"https:\/\/www.thereportzone.it\/index.php?rest_route=%2Fwp%2Fv2%2Fmedia&parent=14807"}],"wp:term":[{"taxonomy":"category","embeddable":true,"href":"https:\/\/www.thereportzone.it\/index.php?rest_route=%2Fwp%2Fv2%2Fcategories&post=14807"},{"taxonomy":"post_tag","embeddable":true,"href":"https:\/\/www.thereportzone.it\/index.php?rest_route=%2Fwp%2Fv2%2Ftags&post=14807"}],"curies":[{"name":"wp","href":"https:\/\/api.w.org\/{rel}","templated":true}]}}