{"id":14805,"date":"2017-05-04T18:43:46","date_gmt":"2017-05-04T16:43:46","guid":{"rendered":"http:\/\/www.thereportzone.it\/?p=14805"},"modified":"2017-05-04T18:43:46","modified_gmt":"2017-05-04T16:43:46","slug":"uniti-per-falciano-in-esclusiva-le-parole-di-bonifacio-di-donato-la-coerenza-paga","status":"publish","type":"post","link":"https:\/\/www.thereportzone.it\/?p=14805","title":{"rendered":"UNITI PER FALCIANO &#8211; In esclusiva le parole di Bonifacio Di Donato: &#8220;La coerenza paga&#8221;"},"content":{"rendered":"<p>&nbsp;<br \/>\n&nbsp;<br \/>\n<strong>FALCIANO<\/strong>. \u00a0Abbiamo\u00a0incontrato Bonifacio Di Donato, impegnato politicamente in questa tornata con il gruppo UNITI PER FALCIANO, che ci ha rilasciato le seguenti dichiarazioni, che riceviamo, dunque, e pubblichiamo: <em>&#8220;Con l\u2019approssimarsi della data ultima utile per la presentazione delle liste per il rinnovo del Consiglio Comunale del nostro paese, il politichese tenta di appropriarsi anche di questa campagna elettorale.<\/em><br \/>\n<em>A tal proposito urge fare chiarezza sul progetto \u201cNOI PRIMA LISTA\u201d oggi \u201cUNITI PER FALCIANO\u201d.<\/em><br \/>\n&nbsp;<br \/>\n<em>Il progetto voleva e vuole essere la risposta allo scollamento dei cittadini verso l\u2019attuale sistema partitico, aveva ed ha un unico obiettivo creare una lista che non abbia continuit\u00e0 con l\u2019amministrazione uscente e che non sia espressione dei partiti, \u00a0\u00a0progetto condiviso, in piena autonomia e libert\u00e0 decisionale da tutti i partecipanti ognuno con il proprio riferimento politico sia di sinistra che di destra. Creare quindi una maggioranza amministrativa senza partiti di riferimento ma lasciando la libert\u00e0 personale per il voto politico.<\/em><br \/>\n&nbsp;<br \/>\n<em>Sarebbe molto lungo riportare tutti i nominativi delle persone presenti nella prima riunione, molti erano i delusi dell\u2019amministrazione Santoro, cosi come molti erano i delusi da una minoranza consiliare che mai aveva fatto sentire la propria voce n\u00e8 nelle piazze n\u00e9 nei Consigli Comunali pronti per\u00f2 e, a porte chiuse, nel \u00a0decidere chi dovesse essere il candidato a Sindaco. Il vero leader politico diventa tale quando riesce a fare sintesi delle varie anime e offrire al proprio elettorato di riferimento chi al meglio le possa rappresentare.<\/em><br \/>\n&nbsp;<br \/>\n<em>Mio malgrado, ad oggi, devo constatare che qualche costituente per motivi vari ha deciso di abbandonare il progetto. Decisione che rispetto ma non posso condividere.<\/em><br \/>\n<em>A tal proposito, mi sorge per\u00f2 una domanda spontanea, erano veramente convinti di voler contribuire al cambiamento dell\u2019attuale spartizione partitocratica? Oppure volevano che diventasse uno strumento per arrivare a occupare qualche poltrona?<\/em><br \/>\n&nbsp;<br \/>\n<em>\u00a0Qualcuno sostiene che la nostra lista, con un giudizio sommario,\u00a0 non sia vincente, stessa cosa avvenuta sia a Roccamonfina che a Sparanise\u00a0 dove in una fase iniziale le liste composte da persone che si candidavano per la prima volta, apparivano perdenti, salvo poi aggiudicarsi la vittoria finale. Veniamo accusati di personalismo, di favorire la vittoria di una o dell\u2019altra lista. <\/em><br \/>\n<em>Certo lottare ed essere coerenti ad un progetto di cambiamento che sostituisca l\u2019esistente, diventa difficile , occorrono persone libere da ogni compromesso passato e futuro, pronte \u00a0a sacrificarsi nel dedicare energie e tempo libero \u00a0per una Falciano migliore. <\/em><br \/>\n<em>Noi tutti, con la consapevolezza di esser coerenti\u00a0 e consci di aver perso qualcuno lungo il percorso, ma ricompensati ampiamente da un crescente consenso da parte dei cittadini andiamo, avanti nella certezza che il nostro progetto di cambiamento non \u00e8 contro altre lista ma esclusivamente a favore di Falciano&#8221;.<\/em><\/p>\n<p style=\"text-align: right;\"><strong><em>Bonifacio Di Donato<\/em><\/strong><\/p>\n<p>&nbsp;<\/p>\n","protected":false},"excerpt":{"rendered":"<p>&nbsp; &nbsp; FALCIANO. \u00a0Abbiamo\u00a0incontrato Bonifacio Di Donato, impegnato politicamente in questa tornata con il gruppo UNITI PER FALCIANO,<\/p>\n","protected":false},"author":2,"featured_media":12261,"comment_status":"closed","ping_status":"closed","sticky":false,"template":"","format":"standard","meta":{"sfsi_plus_gutenberg_text_before_share":"","sfsi_plus_gutenberg_show_text_before_share":"","sfsi_plus_gutenberg_icon_type":"","sfsi_plus_gutenberg_icon_alignemt":"","sfsi_plus_gutenburg_max_per_row":"","footnotes":""},"categories":[4,9],"tags":[3830,3657,3485,4841,4833],"class_list":["post-14805","post","type-post","status-publish","format-standard","has-post-thumbnail","hentry","category-falciano","category-politica","tag-amministrative","tag-comune-di-falciano","tag-elezioni-falciano","tag-politia-falciano","tag-uniti-per-falciano"],"_links":{"self":[{"href":"https:\/\/www.thereportzone.it\/index.php?rest_route=\/wp\/v2\/posts\/14805"}],"collection":[{"href":"https:\/\/www.thereportzone.it\/index.php?rest_route=\/wp\/v2\/posts"}],"about":[{"href":"https:\/\/www.thereportzone.it\/index.php?rest_route=\/wp\/v2\/types\/post"}],"author":[{"embeddable":true,"href":"https:\/\/www.thereportzone.it\/index.php?rest_route=\/wp\/v2\/users\/2"}],"replies":[{"embeddable":true,"href":"https:\/\/www.thereportzone.it\/index.php?rest_route=%2Fwp%2Fv2%2Fcomments&post=14805"}],"version-history":[{"count":0,"href":"https:\/\/www.thereportzone.it\/index.php?rest_route=\/wp\/v2\/posts\/14805\/revisions"}],"wp:featuredmedia":[{"embeddable":true,"href":"https:\/\/www.thereportzone.it\/index.php?rest_route=\/"}],"wp:attachment":[{"href":"https:\/\/www.thereportzone.it\/index.php?rest_route=%2Fwp%2Fv2%2Fmedia&parent=14805"}],"wp:term":[{"taxonomy":"category","embeddable":true,"href":"https:\/\/www.thereportzone.it\/index.php?rest_route=%2Fwp%2Fv2%2Fcategories&post=14805"},{"taxonomy":"post_tag","embeddable":true,"href":"https:\/\/www.thereportzone.it\/index.php?rest_route=%2Fwp%2Fv2%2Ftags&post=14805"}],"curies":[{"name":"wp","href":"https:\/\/api.w.org\/{rel}","templated":true}]}}