{"id":14791,"date":"2017-05-03T22:42:23","date_gmt":"2017-05-03T20:42:23","guid":{"rendered":"http:\/\/www.thereportzone.it\/?p=14791"},"modified":"2017-05-03T22:42:23","modified_gmt":"2017-05-03T20:42:23","slug":"mondragone-tiberio-la-torre-intervistato-da-le-iene-dopo-la-bufera-facebook-di-alcuni-giorni-fa","status":"publish","type":"post","link":"https:\/\/www.thereportzone.it\/?p=14791","title":{"rendered":"MONDRAGONE &#8211; Tiberio La Torre intervistato da Le Iene dopo la bufera Facebook di alcuni giorni fa"},"content":{"rendered":"<p>&nbsp;<br \/>\n&nbsp;<br \/>\n<strong>MONDRAGONE<\/strong>.\u00a0<em>\u201cIl rapporto con mio padre non \u00e8 stato idilliaco. Mio padre ha sbagliato tutto, ha buttato una vita intera. Io prendo le distanze, come ho fatto 7\u00ad &#8211; 8 anni, da tutto ci\u00f2 che ha fatto. Certo \u00e8 mio padre. Per\u00f2 ai ragazzi giovani che pensano di entrare nelle organizzazioni criminali, dico: volete passare la vita in galera?\u201d.<\/em><br \/>\n&nbsp;<br \/>\nQueste le parole di Francesco Tiberio La Torre, intervistato da Le Iene, il noto programma televisivo Mediaset di Italia Uno.<br \/>\nLa questione riguarda la polemica scaturita qualche giorno fa in merito ad un post facebook, legato all&#8217;arrivo di Luigi Di Maio M5S a Mondragone in vista delle imminenti elezioni amministrative,\u00a0un commento proprio di Tiberio La Torre postato sotto alla foto di Di Maio: &#8220;<em>Aria nuova, la speranza X i giovani si inizia ad intravedere forza ragazzi<\/em>&#8220;.<br \/>\nA tal fine, Tiberio, secondo quanto si evince anche dall&#8217;intervista de Le Iene, avrebbe chiesto un incontro a Pina Picierno, (che era intervenuta con alcuni commenti sulla piattaforma social) per fare chiarezza sulla vicenda. Pare che l&#8217;europarlamentare avrebbe rifiutato l&#8217;incontro.<\/p>\n<p style=\"text-align: center;\"><strong>QUI DI SEGUITO\u00a0IL VIDEO INTEGRALE DELL&#8217;INTERVISTA DE &#8220;LE IENE&#8221; AL SEGUENTE LINK:\u00a0<\/strong><a href=\"http:\/\/www.iene.mediaset.it\/puntate\/2017\/05\/02\/giarrusso-la-camorra-sostiene-luigi-di-maio-_11188.shtml\">http:\/\/www.iene.mediaset.it\/puntate\/2017\/05\/02\/giarrusso-la-camorra-sostiene-luigi-di-maio-_11188.shtml<\/a><\/p>\n<p style=\"text-align: center;\">\n<p style=\"text-align: center;\"><strong>VINTAGE GRANDI FIRME. CLICCA SUL LOGO QUI SOTTO E VISITA IL NEGOZIO<\/strong><\/p>\n<p style=\"text-align: center;\"><a href=\"https:\/\/www.facebook.com\/vintagemondragone\/?fref=ts\"><img fetchpriority=\"high\" decoding=\"async\" class=\"aligncenter size-full wp-image-13918\" src=\"http:\/\/www.thereportzone.it\/wp-content\/uploads\/2017\/03\/VINTAGE-GRANDI-FIRME.jpg\" alt=\"VINTAGE GRANDI FIRME\" width=\"567\" height=\"314\" \/><\/a><\/p>\n<p style=\"text-align: center;\">\n<p style=\"text-align: center;\"><strong>TIENITI AGGIORNATO SULLE NOTIZIE DELLA CITTA&#8217;. CLICCA SUL LOGO QUI SOTTO E METTI MI PIACE ALLA PAGINA QUESTO E&#8217; MONDRAGONE<\/strong><\/p>\n<p style=\"text-align: center;\"><a href=\"https:\/\/www.facebook.com\/QUESTOEMONDRAGONE\/\"><img decoding=\"async\" class=\"aligncenter wp-image-5079 size-full\" src=\"http:\/\/www.thereportzone.it\/wp-content\/uploads\/2016\/01\/12584089_1117235094987584_1710208510_n.jpg\" alt=\"QUESTO \u00e8 MONDRAGONE\" width=\"600\" height=\"520\" \/><\/a><\/p>\n","protected":false},"excerpt":{"rendered":"<p>&nbsp; &nbsp; MONDRAGONE.\u00a0\u201cIl rapporto con mio padre non \u00e8 stato idilliaco. Mio padre ha sbagliato tutto, ha buttato<\/p>\n","protected":false},"author":2,"featured_media":14793,"comment_status":"closed","ping_status":"closed","sticky":false,"template":"","format":"standard","meta":{"sfsi_plus_gutenberg_text_before_share":"","sfsi_plus_gutenberg_show_text_before_share":"","sfsi_plus_gutenberg_icon_type":"","sfsi_plus_gutenberg_icon_alignemt":"","sfsi_plus_gutenburg_max_per_row":"","footnotes":""},"categories":[8,5,9],"tags":[1263,3631,3632,3633,3634,3635,564,1819,3636,3637,3638],"class_list":["post-14791","post","type-post","status-publish","format-standard","has-post-thumbnail","hentry","category-cronaca","category-mondragone","category-politica","tag-cronaca-mondragone","tag-italia-uno","tag-la-torre","tag-la-torre-mondragone","tag-le-iene-italia-uno","tag-le-iene-mondragone","tag-mediaset","tag-mondragone-cronaca","tag-mondragone-politica","tag-selfie-la-torre","tag-tiberio-la-torre"],"_links":{"self":[{"href":"https:\/\/www.thereportzone.it\/index.php?rest_route=\/wp\/v2\/posts\/14791"}],"collection":[{"href":"https:\/\/www.thereportzone.it\/index.php?rest_route=\/wp\/v2\/posts"}],"about":[{"href":"https:\/\/www.thereportzone.it\/index.php?rest_route=\/wp\/v2\/types\/post"}],"author":[{"embeddable":true,"href":"https:\/\/www.thereportzone.it\/index.php?rest_route=\/wp\/v2\/users\/2"}],"replies":[{"embeddable":true,"href":"https:\/\/www.thereportzone.it\/index.php?rest_route=%2Fwp%2Fv2%2Fcomments&post=14791"}],"version-history":[{"count":0,"href":"https:\/\/www.thereportzone.it\/index.php?rest_route=\/wp\/v2\/posts\/14791\/revisions"}],"wp:featuredmedia":[{"embeddable":true,"href":"https:\/\/www.thereportzone.it\/index.php?rest_route=\/"}],"wp:attachment":[{"href":"https:\/\/www.thereportzone.it\/index.php?rest_route=%2Fwp%2Fv2%2Fmedia&parent=14791"}],"wp:term":[{"taxonomy":"category","embeddable":true,"href":"https:\/\/www.thereportzone.it\/index.php?rest_route=%2Fwp%2Fv2%2Fcategories&post=14791"},{"taxonomy":"post_tag","embeddable":true,"href":"https:\/\/www.thereportzone.it\/index.php?rest_route=%2Fwp%2Fv2%2Ftags&post=14791"}],"curies":[{"name":"wp","href":"https:\/\/api.w.org\/{rel}","templated":true}]}}