{"id":14782,"date":"2017-05-03T14:30:15","date_gmt":"2017-05-03T12:30:15","guid":{"rendered":"http:\/\/www.thereportzone.it\/?p=14782"},"modified":"2017-05-03T14:30:15","modified_gmt":"2017-05-03T12:30:15","slug":"uniti-per-falciano-ok-inaugurazione-comitato-la-lista-ce-ed-i-numeri-sono-buoni","status":"publish","type":"post","link":"https:\/\/www.thereportzone.it\/?p=14782","title":{"rendered":"UNITI PER FALCIANO &#8211; Ok inaugurazione comitato: &#8220;La lista c&#8217;\u00e8 ed i numeri sono buoni&#8221;"},"content":{"rendered":"<p>&nbsp;<br \/>\n&nbsp;<br \/>\n<strong>FALCIANO<\/strong>. Non poteva avere un esito migliore l&#8217;inaugurazione del comitato della lista civica Uniti per Falciano. Non soltanto una grande partecipazione ma anche l&#8217;occasione per incontrare tanti cittadini e fare chiarezza, ancora una volta, sul progetto politico.<br \/>\n&nbsp;<br \/>\n\u00c8 chiaro che si sarebbe fatto riferimento alla fuoriuscita dal gruppo di De Santis che, forse, sar\u00e0 seguito da Maurizio Notardonato, ma proprio sulla base di ci\u00f2 si \u00e8 potuto intraprendere un discorso chiaro, ribadito dalle parole della candidata sindaco Genuino, Bonifacio Di Donato e Domenico Marino..<br \/>\n&nbsp;<br \/>\nUniti per Falciano resta una lista civica che non ha alle spalle alcun partito. Inoltre, \u00e8 stato ribadito, che i candidati ci sono e, a breve, sar\u00e0 presentata una lista che, al contrario di quanto si dice, sar\u00e0 forte e competitiva.<br \/>\nDel resto l&#8217;elenco dei punti di programma, resi noti da Uniti per Falciano anche attraverso il nostro sito, ha ricevuto molti consensi tra la popolazione e, la possibilit\u00e0 di aumentare in consensi, c&#8217;\u00e8.<br \/>\nQuesti, dunque, i punti di cui si \u00e8 parlato ieri sera. Tra i presenti c&#8217;erano molte donne, da sempre l&#8217;emblema di questo progetto, materializzato poi con la candidata sindaco Dottoressa Genuino.<br \/>\nL&#8217;entusiasmo e l&#8217;esistenza di un progetto concreto, dunque, esiste ancora.<\/p>\n","protected":false},"excerpt":{"rendered":"<p>&nbsp; &nbsp; FALCIANO. Non poteva avere un esito migliore l&#8217;inaugurazione del comitato della lista civica Uniti per Falciano.<\/p>\n","protected":false},"author":2,"featured_media":14214,"comment_status":"closed","ping_status":"closed","sticky":false,"template":"","format":"standard","meta":{"sfsi_plus_gutenberg_text_before_share":"","sfsi_plus_gutenberg_show_text_before_share":"","sfsi_plus_gutenberg_icon_type":"","sfsi_plus_gutenberg_icon_alignemt":"","sfsi_plus_gutenburg_max_per_row":"","footnotes":""},"categories":[4,9],"tags":[3603,3485,3610,629,4833],"class_list":["post-14782","post","type-post","status-publish","format-standard","has-post-thumbnail","hentry","category-falciano","category-politica","tag-comune-falciano","tag-elezioni-falciano","tag-falciano-al-voto","tag-falciano-del-massico","tag-uniti-per-falciano"],"_links":{"self":[{"href":"https:\/\/www.thereportzone.it\/index.php?rest_route=\/wp\/v2\/posts\/14782"}],"collection":[{"href":"https:\/\/www.thereportzone.it\/index.php?rest_route=\/wp\/v2\/posts"}],"about":[{"href":"https:\/\/www.thereportzone.it\/index.php?rest_route=\/wp\/v2\/types\/post"}],"author":[{"embeddable":true,"href":"https:\/\/www.thereportzone.it\/index.php?rest_route=\/wp\/v2\/users\/2"}],"replies":[{"embeddable":true,"href":"https:\/\/www.thereportzone.it\/index.php?rest_route=%2Fwp%2Fv2%2Fcomments&post=14782"}],"version-history":[{"count":0,"href":"https:\/\/www.thereportzone.it\/index.php?rest_route=\/wp\/v2\/posts\/14782\/revisions"}],"wp:featuredmedia":[{"embeddable":true,"href":"https:\/\/www.thereportzone.it\/index.php?rest_route=\/"}],"wp:attachment":[{"href":"https:\/\/www.thereportzone.it\/index.php?rest_route=%2Fwp%2Fv2%2Fmedia&parent=14782"}],"wp:term":[{"taxonomy":"category","embeddable":true,"href":"https:\/\/www.thereportzone.it\/index.php?rest_route=%2Fwp%2Fv2%2Fcategories&post=14782"},{"taxonomy":"post_tag","embeddable":true,"href":"https:\/\/www.thereportzone.it\/index.php?rest_route=%2Fwp%2Fv2%2Ftags&post=14782"}],"curies":[{"name":"wp","href":"https:\/\/api.w.org\/{rel}","templated":true}]}}