{"id":14746,"date":"2017-04-30T10:30:18","date_gmt":"2017-04-30T08:30:18","guid":{"rendered":"http:\/\/www.thereportzone.it\/?p=14746"},"modified":"2017-04-30T10:30:18","modified_gmt":"2017-04-30T08:30:18","slug":"uniti-per-falciano-ecco-cose-successo-allincontro-di-ieri","status":"publish","type":"post","link":"https:\/\/www.thereportzone.it\/?p=14746","title":{"rendered":"UNITI PER FALCIANO &#8211; Ecco cos&#8217;\u00e8 successo all&#8217;incontro di ieri"},"content":{"rendered":"<p style=\"text-align: left;\">\n<p style=\"text-align: left;\">\n<p style=\"text-align: left;\"><strong>FALCIANO<\/strong>.\u00a0Cari concittadini,<br \/>\nieri abbiamo accolto con favore l\u2019invito per oggi, sabato 29\/4, da parte della lista \u201cFalciano Bene Comune\u201d per confrontarci sui temi che riteniamo qualificanti per la futura amministrazione.<\/p>\n<p style=\"text-align: left;\">\nPurtroppo dobbiamo constatare che , nonostante la cordialit\u00e0 della discussione, una tale convergenza si \u00e8 arenata di fronte all\u2019ostinazione della Lista Falciano Bene Comune nel sostenere la candidatura di Erasmo Fava.<\/p>\n<p style=\"text-align: left;\">\nLa dott.ssa Novelli Genuino si era offerta di ritirare la propria candidatura per favorire una convergenza delle liste su un terzo nome condiviso, forti delle proposte che abbiamo reso pubbliche.<br \/>\nTale proposta \u00e8 stata ritenuta irrecepibile e si \u00e8 scelto di proseguire in continuit\u00e0 coi percorsi intrapresi dalle rispettive liste.<\/p>\n<p style=\"text-align: left;\">\nCos\u00ec come abbiamo fatto saremo aperti ad ogni confronto e contributo; la piattaforma politica su cui discutere e confrontarsi \u00e8 stata resa pubblica.<\/p>\n<p style=\"text-align: left;\">\nA breve cercheremo\u00a0 di calendarizzare gli incontri con le associazioni ed i cittadini nella nostra sezione di Piazza Limata e contestualmente spiegheremo dettagliatamente tutti i nostri punti programmatici sulla pagina facebook @unitiperfalciano e nel formato tradizionale dei manifesti.<\/p>\n","protected":false},"excerpt":{"rendered":"<p>FALCIANO.\u00a0Cari concittadini, ieri abbiamo accolto con favore l\u2019invito per oggi, sabato 29\/4, da parte della lista \u201cFalciano Bene<\/p>\n","protected":false},"author":2,"featured_media":14733,"comment_status":"closed","ping_status":"closed","sticky":false,"template":"","format":"standard","meta":{"sfsi_plus_gutenberg_text_before_share":"","sfsi_plus_gutenberg_show_text_before_share":"","sfsi_plus_gutenberg_icon_type":"","sfsi_plus_gutenberg_icon_alignemt":"","sfsi_plus_gutenburg_max_per_row":"","footnotes":""},"categories":[4,9],"tags":[],"class_list":["post-14746","post","type-post","status-publish","format-standard","has-post-thumbnail","hentry","category-falciano","category-politica"],"_links":{"self":[{"href":"https:\/\/www.thereportzone.it\/index.php?rest_route=\/wp\/v2\/posts\/14746"}],"collection":[{"href":"https:\/\/www.thereportzone.it\/index.php?rest_route=\/wp\/v2\/posts"}],"about":[{"href":"https:\/\/www.thereportzone.it\/index.php?rest_route=\/wp\/v2\/types\/post"}],"author":[{"embeddable":true,"href":"https:\/\/www.thereportzone.it\/index.php?rest_route=\/wp\/v2\/users\/2"}],"replies":[{"embeddable":true,"href":"https:\/\/www.thereportzone.it\/index.php?rest_route=%2Fwp%2Fv2%2Fcomments&post=14746"}],"version-history":[{"count":0,"href":"https:\/\/www.thereportzone.it\/index.php?rest_route=\/wp\/v2\/posts\/14746\/revisions"}],"wp:featuredmedia":[{"embeddable":true,"href":"https:\/\/www.thereportzone.it\/index.php?rest_route=\/"}],"wp:attachment":[{"href":"https:\/\/www.thereportzone.it\/index.php?rest_route=%2Fwp%2Fv2%2Fmedia&parent=14746"}],"wp:term":[{"taxonomy":"category","embeddable":true,"href":"https:\/\/www.thereportzone.it\/index.php?rest_route=%2Fwp%2Fv2%2Fcategories&post=14746"},{"taxonomy":"post_tag","embeddable":true,"href":"https:\/\/www.thereportzone.it\/index.php?rest_route=%2Fwp%2Fv2%2Ftags&post=14746"}],"curies":[{"name":"wp","href":"https:\/\/api.w.org\/{rel}","templated":true}]}}