{"id":14732,"date":"2017-04-28T15:14:54","date_gmt":"2017-04-28T13:14:54","guid":{"rendered":"http:\/\/www.thereportzone.it\/?p=14732"},"modified":"2017-04-28T15:14:54","modified_gmt":"2017-04-28T13:14:54","slug":"in-anteprima-il-manifesto-di-uniti-per-falciano","status":"publish","type":"post","link":"https:\/\/www.thereportzone.it\/?p=14732","title":{"rendered":"IN ANTEPRIMA &#8211; Il manifesto di UNITI PER FALCIANO"},"content":{"rendered":"<p>&nbsp;<br \/>\n&nbsp;<br \/>\n<strong>FALCIANO<\/strong>. Cari concittadini, a breve saremo chiamati alle urne per decidere chi dovr\u00e0 amministrare Falciano del Massico per i prossimi anni. Come ormai \u00e8 noto, abbiamo scelto di sostenere la candidatura a sindaco della dott.ssa Gianna Antonia Novelli Genuino per proporre e realizzare un programma politico che proveremo a spiegare brevemente, assumendoci l\u2019impegno di fornire tutti gli approfondimenti dovuti attraverso la pagina facebook della lista @unitiperfalciano (sulla quale pubblicheremo periodicamente una guida ai nostri punti programmatici) ed attraverso gli incontri pubblici che riteniamo essenziali per la costruzione di un percorso di coinvolgimento e condivisione.<br \/>\n&nbsp;<br \/>\n<strong>In breve:<\/strong> trasparenza\/dialogo\/informatizzazione: \u00e8 fondamentale rendere accessibile a tutti gli atti amministrativi, cos\u00ec come deve essere facilitato l\u2019utilizzo delle piattaforme telematiche per la gestione delle pratiche comunali. Chiunque deve essere messo nella condizione di conoscere il contenuto delle delibere e delle ordinanze, oltre che espletare le pi\u00f9 ordinarie pratiche comunali ( informazioni sui tributi, iscrizione al ruolo, insolvenze,etc.). Intendiamo istituire anche una piattaforma per i contributi e le segnalazioni dei cittadini, una sorta di Cantiere delle Idee per migliorare la qualit\u00e0 della vita.<br \/>\n<strong>Ambiente<\/strong>: prendiamo le distanze dalle precedenti amministrazioni rispetto alla vicenda della cava Cesque che non esitiamo a definire una vergogna. Il nostro obiettivo \u00e8 la chiusura e la riqualificazione del sito. Il recupero del Lago, che non pu\u00f2 essere ridotta a 2 banali eventi annuali, e la promozione di percorsi guidati per la montagna sono temi che ci stanno a cuore. Un tale patrimonio ambientale va valorizzato con l\u2019organizzazione di un programma di eventi, compatibili con la normativa vigente, che permettano di valorizzarne il ruolo e siano di promozione per il nostro territorio. Patrimonio comunale: il comune di Falciano \u00e8 sostanzialmente in una condizione di dissesto finanziario. Tuttavia ha nelle sue disponibilit\u00e0 dei beni che andrebbero recuperati e messi a reddito, o laddove non fosse possibile intervenire per mancanza di copertura finanziaria, alienarli per evitarne il decadimento\/deprezzamento.<br \/>\n&nbsp;<br \/>\nE\u2019 evidente che il riferimento \u00e8 all\u2019ex mattatoio, al complesso polisportivo (che potrebbe essere riconvertito funzionalmente), ma anche e soprattutto ai terreni che fanno parte della zona industriale(attualmente adibita a discarica a cielo aperto). A noi risulta che diversi soggetti economici abbiano manifestato interesse all\u2019acquisto, ma il limite \u00e8 stato il prezzo fissato. Nulla hanno fatto le precedenti amministrazioni per richiedere alla regione Campania un abbassamento del costo d\u2019acquisto per rendere pi\u00f9 appetibile l\u2019investimento, tantomeno ci si \u00e8 preoccupati di tenere in ordine i siti. Infrastrutture: qui c\u2019\u00e8 poco da sforzarsi con l\u2019immaginazione, il tema fondamentale \u00e8 l\u2019ACQUA.<br \/>\nRiteniamo davvero scellerata la scelta della precedente amministrazione di realizzare un\u2019opera la cui inutilit\u00e0 \u00e8 certa. L\u2019insufficienza dell\u2019acqua a valle rende vano ogni sforzo (in termini di costo\/beneficio) per accumularla a monte. L\u2019unica soluzione funzionale, sarebbe immettere acqua prelevate a monte.<br \/>\nMa \u00e8 impossibile, poich\u00e9 l\u2019acqua di Monte Massico non pu\u00f2 essere utilizzata a tali fini, ci sono diversi studi a confermarlo. Perch\u00e9 non si \u00e8 scelto di potenziare i pozzi esistenti, visto che la regione aveva anche finanziato l\u2019opera? A rendere la vicenda ancora pi\u00f9 odiosa, ricordiamo che c\u2019\u00e8 un\u2019indagine aperta sull\u2019appalto. Inutile dire che prevediamo un piano di manutenzione straordinaria per tutte le infrastrutture comunali. Recupero del centro storico: ci piacerebbe trasformare il centro storico di Falciano del Massico in una zona a vocazione commerciale, riprendendo un progetto denominato \u201cAlbergo Diffuso\u201d. Ne tratteremo con maggiori dettagli, ma l\u2019obiettivo strategico \u00e8 una riqualificazione immobiliare per favorire sviluppo commerciale ed occupazione, con un piano di incentivi (commisurati alle disponibilit\u00e0 di un piccolo comune come il nostro).<br \/>\n&nbsp;<br \/>\n<strong>Cimitero<\/strong>: riteniamo fondamentale perseguire l\u2019ampliamento del cimitero preesistente per ragioni economiche, visto che esiste gi\u00e0 un contratto che implicherebbe delle penali pesanti in caso di rescissione e di natura progettuale, considerato che il progetto ipotizzato dalla giunta Santoro presente delle incognite attuative sia riguardo il sito scelto che per la copertura economica privata.<br \/>\n<strong>Agricoltura<\/strong>: cardine della nostra economia, l\u2019agricoltura di qualit\u00e0 deve essere affiancata ad un piano ambientale di sviluppo adeguato (incluso il ciclo dello smaltimento dei rifiuti). In continuit\u00e0 con quanto affermato per la valorizzazione dell\u2019ambiente, riteniamo di interesse strategico mettere a disposizione dei produttori strumenti di marketing territoriale senza i quali diventa sempre pi\u00f9 difficile competere.<br \/>\n&nbsp;<br \/>\n<figure id=\"attachment_14733\" aria-describedby=\"caption-attachment-14733\" style=\"width: 1600px\" class=\"wp-caption alignnone\"><img fetchpriority=\"high\" decoding=\"async\" class=\"size-full wp-image-14733\" src=\"http:\/\/www.thereportzone.it\/wp-content\/uploads\/2017\/04\/18121537_654914761384233_10760484638038410_o.jpg\" alt=\"uniti per falciano\" width=\"1600\" height=\"360\" \/><figcaption id=\"caption-attachment-14733\" class=\"wp-caption-text\">uniti per falciano<\/figcaption><\/figure><\/p>\n","protected":false},"excerpt":{"rendered":"<p>&nbsp; &nbsp; FALCIANO. Cari concittadini, a breve saremo chiamati alle urne per decidere chi dovr\u00e0 amministrare Falciano del<\/p>\n","protected":false},"author":2,"featured_media":14733,"comment_status":"closed","ping_status":"closed","sticky":false,"template":"","format":"standard","meta":{"sfsi_plus_gutenberg_text_before_share":"","sfsi_plus_gutenberg_show_text_before_share":"","sfsi_plus_gutenberg_icon_type":"","sfsi_plus_gutenberg_icon_alignemt":"","sfsi_plus_gutenburg_max_per_row":"","footnotes":""},"categories":[4,9],"tags":[3485,3610,3699,4833],"class_list":["post-14732","post","type-post","status-publish","format-standard","has-post-thumbnail","hentry","category-falciano","category-politica","tag-elezioni-falciano","tag-falciano-al-voto","tag-falciano-politica","tag-uniti-per-falciano"],"_links":{"self":[{"href":"https:\/\/www.thereportzone.it\/index.php?rest_route=\/wp\/v2\/posts\/14732"}],"collection":[{"href":"https:\/\/www.thereportzone.it\/index.php?rest_route=\/wp\/v2\/posts"}],"about":[{"href":"https:\/\/www.thereportzone.it\/index.php?rest_route=\/wp\/v2\/types\/post"}],"author":[{"embeddable":true,"href":"https:\/\/www.thereportzone.it\/index.php?rest_route=\/wp\/v2\/users\/2"}],"replies":[{"embeddable":true,"href":"https:\/\/www.thereportzone.it\/index.php?rest_route=%2Fwp%2Fv2%2Fcomments&post=14732"}],"version-history":[{"count":0,"href":"https:\/\/www.thereportzone.it\/index.php?rest_route=\/wp\/v2\/posts\/14732\/revisions"}],"wp:featuredmedia":[{"embeddable":true,"href":"https:\/\/www.thereportzone.it\/index.php?rest_route=\/"}],"wp:attachment":[{"href":"https:\/\/www.thereportzone.it\/index.php?rest_route=%2Fwp%2Fv2%2Fmedia&parent=14732"}],"wp:term":[{"taxonomy":"category","embeddable":true,"href":"https:\/\/www.thereportzone.it\/index.php?rest_route=%2Fwp%2Fv2%2Fcategories&post=14732"},{"taxonomy":"post_tag","embeddable":true,"href":"https:\/\/www.thereportzone.it\/index.php?rest_route=%2Fwp%2Fv2%2Ftags&post=14732"}],"curies":[{"name":"wp","href":"https:\/\/api.w.org\/{rel}","templated":true}]}}