{"id":14667,"date":"2017-04-23T01:55:16","date_gmt":"2017-04-22T23:55:16","guid":{"rendered":"http:\/\/www.thereportzone.it\/?p=14667"},"modified":"2017-04-23T01:55:16","modified_gmt":"2017-04-22T23:55:16","slug":"noi-prima-lista-diventa-uniti-per-falciano-inno-al-cambiamento","status":"publish","type":"post","link":"https:\/\/www.thereportzone.it\/?p=14667","title":{"rendered":"Noi Prima Lista diventa Uniti Per Falciano: inno al cambiamento"},"content":{"rendered":"<p>&nbsp;<br \/>\nFALCIANO. Comunicato stampa Uniti per Falciano.<br \/>\nCare cittadine e cittadini falcianesi,<br \/>\nvorremmo condividere con voi la nostra volont\u00e0 di cambiamento per il nostro paese che da qualche anno vive una preoccupante fase di stallo ed \u00e8 investito da tante problematiche verso le quali le precedenti amministrazioni si sono dimostrate miopi o addirittura disinteressate.<br \/>\n&nbsp;<br \/>\nE\u2019 inutile rimestare nel passato, tutti hanno potuto toccare con mano e subire il disagio degli ultimi anni.<br \/>\nVorremmo per\u00f2 che fosse chiaro da subito che noi ci poniamo in aperta controtendenza ed \u00e8 su questo che vi invitiamo ad approfondire in nostri argomenti ed \u00e8 su questi che vorremmo che crescesse il vostro interesse nei nostri confronti.<br \/>\n&nbsp;<br \/>\nPer prima cosa \u00e8 evidente che a favorire la nascita di questo progetto \u00e8 stata la volont\u00e0 di comuni cittadini, senza particolari alchimie politiche o notabili a fare da mentori, la cui preoccupazione \u00e8 l\u2019attivismo civico ed un miglioramento delle condizioni di vivibilit\u00e0 del nostro paese.<br \/>\nLa nostra candidata sindaco \u00e8 una brillante ed affermata professionista, la dott.ssa Gianna Antonia Novelli Genuino, che ha sempre manifestato interesse e passione per la politica.<br \/>\n&nbsp;<br \/>\nLa scelta \u00e8 nata da una condivisione del progetto di rilancio del nostro comune che Gianna ha accolto con slancio e coraggio.<br \/>\nGi\u00e0, coraggio: perch\u00e8 il coraggio \u00e8 il sentimento pi\u00f9 consono per affrontare la sfida che ci attende.<br \/>\nUna sfida che pone al centro del dibattito la centralit\u00e0 della condivisione delle scelte di interesse pubblico, troppo spesso mortificate per un mero calcolo elettoralistico.<br \/>\nUno dei nostri obbiettivi primari \u00e8 il recupero di una dimensione sociale della vita pubblica, coinvolgere e condividere le nostre scelte, sforzandoci di recuperare anche degli spazi pubblici in cui stimolare il confronto.<br \/>\nLa crescita della partecipazione collettiva \u00e8 il nostro primo obbiettivo, non ne facciamo mistero.<br \/>\nE\u2019 per questa ragione che saremmo felici di incontrare quante pi\u00f9 persone possibile per confrontarci nella sede elettorale che a breve verr\u00e0 inaugurata in Piazza Limata, cos\u00ec come saremmo felici di incontrare le associazioni di categoria che operano nel nostro paese per ascoltare le loro richieste e cercare di trasformarle in istanze per una buona amministrazione.<br \/>\nUniti per Falciano<br \/>\n&nbsp;<br \/>\n<img fetchpriority=\"high\" decoding=\"async\" class=\"aligncenter wp-image-14668 size-full\" src=\"http:\/\/www.thereportzone.it\/wp-content\/uploads\/2017\/04\/FB_IMG_1492905129925.jpg\" alt=\"FB_IMG_1492905129925\" width=\"1448\" height=\"2048\" \/><\/p>\n","protected":false},"excerpt":{"rendered":"<p>&nbsp; FALCIANO. Comunicato stampa Uniti per Falciano. Care cittadine e cittadini falcianesi, vorremmo condividere con voi la nostra<\/p>\n","protected":false},"author":2,"featured_media":14214,"comment_status":"closed","ping_status":"closed","sticky":false,"template":"","format":"standard","meta":{"sfsi_plus_gutenberg_text_before_share":"","sfsi_plus_gutenberg_show_text_before_share":"","sfsi_plus_gutenberg_icon_type":"","sfsi_plus_gutenberg_icon_alignemt":"","sfsi_plus_gutenburg_max_per_row":"","footnotes":""},"categories":[4,9],"tags":[3485,3610,4781,195,3605,4833],"class_list":["post-14667","post","type-post","status-publish","format-standard","has-post-thumbnail","hentry","category-falciano","category-politica","tag-elezioni-falciano","tag-falciano-al-voto","tag-noi-prima-lista","tag-politica-2","tag-politica-falciano","tag-uniti-per-falciano"],"_links":{"self":[{"href":"https:\/\/www.thereportzone.it\/index.php?rest_route=\/wp\/v2\/posts\/14667"}],"collection":[{"href":"https:\/\/www.thereportzone.it\/index.php?rest_route=\/wp\/v2\/posts"}],"about":[{"href":"https:\/\/www.thereportzone.it\/index.php?rest_route=\/wp\/v2\/types\/post"}],"author":[{"embeddable":true,"href":"https:\/\/www.thereportzone.it\/index.php?rest_route=\/wp\/v2\/users\/2"}],"replies":[{"embeddable":true,"href":"https:\/\/www.thereportzone.it\/index.php?rest_route=%2Fwp%2Fv2%2Fcomments&post=14667"}],"version-history":[{"count":0,"href":"https:\/\/www.thereportzone.it\/index.php?rest_route=\/wp\/v2\/posts\/14667\/revisions"}],"wp:featuredmedia":[{"embeddable":true,"href":"https:\/\/www.thereportzone.it\/index.php?rest_route=\/"}],"wp:attachment":[{"href":"https:\/\/www.thereportzone.it\/index.php?rest_route=%2Fwp%2Fv2%2Fmedia&parent=14667"}],"wp:term":[{"taxonomy":"category","embeddable":true,"href":"https:\/\/www.thereportzone.it\/index.php?rest_route=%2Fwp%2Fv2%2Fcategories&post=14667"},{"taxonomy":"post_tag","embeddable":true,"href":"https:\/\/www.thereportzone.it\/index.php?rest_route=%2Fwp%2Fv2%2Ftags&post=14667"}],"curies":[{"name":"wp","href":"https:\/\/api.w.org\/{rel}","templated":true}]}}