{"id":14653,"date":"2017-04-22T09:59:17","date_gmt":"2017-04-22T07:59:17","guid":{"rendered":"http:\/\/www.thereportzone.it\/?p=14653"},"modified":"2017-04-22T09:59:17","modified_gmt":"2017-04-22T07:59:17","slug":"falciano-al-voto-riunione-noi-prima-lista-de-santis-faremo-una-lista-forte-il-mio-progetto-resta-invariato","status":"publish","type":"post","link":"https:\/\/www.thereportzone.it\/?p=14653","title":{"rendered":"FALCIANO AL VOTO &#8211; Riunione Noi Prima Lista, De Santis: &#8220;Faremo una lista forte, il mio progetto resta invariato&#8221;"},"content":{"rendered":"<p>&nbsp;<br \/>\n<strong>FALCIANO<\/strong>. Dopo le voci che si erano diffuse su una richiesta di chiarimento avanzata da parte di <strong>Geppino De Santis<\/strong> ai suoi compagni di squadra di Noi Prima Lista, e a seguito della riunione che si \u00e8 svolta gioved\u00ec sera, abbiamo contattato telefonicamente il diretto interessato che ci ha rassicurato che &#8220;la riunione \u00e8 stata molto proficua ed il progetto di Noi Prima Lista resta vincente ed entusiasmante&#8221;.<br \/>\n&nbsp;<br \/>\nIn attesa del comunicato stampa ufficiale di Noi Prima Lista che dovrebbe uscire nelle prossime ore, ieri abbiamo contattato telefonicamente Geppino De Santis per chiedere\u00a0l&#8217;esito della riunione di gioved\u00ec sera.<br \/>\n&#8220;<em>Nei giorni scorsi avevo semplicemente chiesto ai miei compagni di squadra di fare il punto della situazione, guardando al futuro<\/em>&#8220;. Esordisce cos\u00ec De Santis che poi continua: &#8220;<em>Il mio intento \u00e8 quello di vincere e, dunque, di formare una lista competitiva. Probabilmente il mio modo di parlare, schietto, ha fatto apparire la mia richiesta, avanzata ai miei compagni di squadra, come motivo di litigio o di &#8220;crisi<\/em>&#8220;.<br \/>\n&#8220;<em>In riunione, l&#8217;altra sera, abbiamo parlato anche di questo e posso dire che non c&#8217;\u00e8 alcuna crisi e le mie intenzioni restano tali: scendere in campo per vincere, formare una lista competitiva, e mettere in atto i punti del mio programma<\/em>&#8220;.<br \/>\n&nbsp;<\/p>\n","protected":false},"excerpt":{"rendered":"<p>&nbsp; FALCIANO. Dopo le voci che si erano diffuse su una richiesta di chiarimento avanzata da parte di<\/p>\n","protected":false},"author":2,"featured_media":14340,"comment_status":"closed","ping_status":"closed","sticky":false,"template":"","format":"standard","meta":{"sfsi_plus_gutenberg_text_before_share":"","sfsi_plus_gutenberg_show_text_before_share":"","sfsi_plus_gutenberg_icon_type":"","sfsi_plus_gutenberg_icon_alignemt":"","sfsi_plus_gutenburg_max_per_row":"","footnotes":""},"categories":[4,9],"tags":[3603,3485,3518,3610,629],"class_list":["post-14653","post","type-post","status-publish","format-standard","has-post-thumbnail","hentry","category-falciano","category-politica","tag-comune-falciano","tag-elezioni-falciano","tag-falciano","tag-falciano-al-voto","tag-falciano-del-massico"],"_links":{"self":[{"href":"https:\/\/www.thereportzone.it\/index.php?rest_route=\/wp\/v2\/posts\/14653"}],"collection":[{"href":"https:\/\/www.thereportzone.it\/index.php?rest_route=\/wp\/v2\/posts"}],"about":[{"href":"https:\/\/www.thereportzone.it\/index.php?rest_route=\/wp\/v2\/types\/post"}],"author":[{"embeddable":true,"href":"https:\/\/www.thereportzone.it\/index.php?rest_route=\/wp\/v2\/users\/2"}],"replies":[{"embeddable":true,"href":"https:\/\/www.thereportzone.it\/index.php?rest_route=%2Fwp%2Fv2%2Fcomments&post=14653"}],"version-history":[{"count":0,"href":"https:\/\/www.thereportzone.it\/index.php?rest_route=\/wp\/v2\/posts\/14653\/revisions"}],"wp:featuredmedia":[{"embeddable":true,"href":"https:\/\/www.thereportzone.it\/index.php?rest_route=\/"}],"wp:attachment":[{"href":"https:\/\/www.thereportzone.it\/index.php?rest_route=%2Fwp%2Fv2%2Fmedia&parent=14653"}],"wp:term":[{"taxonomy":"category","embeddable":true,"href":"https:\/\/www.thereportzone.it\/index.php?rest_route=%2Fwp%2Fv2%2Fcategories&post=14653"},{"taxonomy":"post_tag","embeddable":true,"href":"https:\/\/www.thereportzone.it\/index.php?rest_route=%2Fwp%2Fv2%2Ftags&post=14653"}],"curies":[{"name":"wp","href":"https:\/\/api.w.org\/{rel}","templated":true}]}}