{"id":14616,"date":"2017-04-20T12:29:08","date_gmt":"2017-04-20T10:29:08","guid":{"rendered":"http:\/\/www.thereportzone.it\/?p=14616"},"modified":"2017-04-20T12:29:08","modified_gmt":"2017-04-20T10:29:08","slug":"falciano-bene-comune-ufficializzata-candidatura-palmina-manica","status":"publish","type":"post","link":"https:\/\/www.thereportzone.it\/?p=14616","title":{"rendered":"FALCIANO BENE COMUNE &#8211; Ufficializzata candidatura Palmina Manica"},"content":{"rendered":"<p>&nbsp;<br \/>\n<strong>FALCIANO<\/strong>.\u00a0Altro scossone per la politica locale che si accinge a vivere la campagna elettorale per il rinnovo del consiglio comunale. La professoressa Palmina Manica aderisce al gruppo politico Art1 Mdp e si candida al consiglio comunale.<br \/>\nEcco quindi la grossa novit\u00e0 che certifica le voci sempre pi\u00f9 insistenti di queste ore. Igor Prata ed i suoi, oltre alla candidatura gi\u00e0 messa a disposizione di Maurizio Paolella, aggiungono un ulteriore tassello alla coalizione che sostiene la candidatura a sindaco di Erasmo Fava.<br \/>\n&#8220;Da tempo guardavo con attenzione e favore al nuovo movimento che si sta costruendo a sinistra del PD. La mia adesione al gruppo \u00e8 anche una fiducia verso la dirigenza locale di questo movimento&#8221; esordisce Palmina, gi\u00e0 assessore nel quinquennio dal 2007 al 2012, che continua &#8221; Ho fermamente creduto nelle primarie facendo parte del comitato di garanzia, sono state una festa di democrazia e partecipazione, un grande successo a tal punto di sentire la responsabilit\u00e0 di metterci la faccia per il Bene Comune di Falciano.<br \/>\nChi mi conosce sa che quando prendo un impegno lo rispetto fino in fondo. Non potevo sottrarmi all&#8217;impegno civico di cui la mia comunit\u00e0 ha bisogno per risollevarsi dagli questi ultimi anni di malgoverno dell&#8217;attuale amministrazione &#8220;. Straripante Igor Prata, leader locale di Mdp , che afferma &#8220;Da settimane la professoressa Manica era a pieno titolo parte integrante del nostro gruppo.<br \/>\nSono felicissimo che abbia accettato la nostra proposta e credo l&#8217;intero progetto potr\u00e0 solo giovare di questa sua scelta. Saremo in prima fila, girando di casa in casa, per sostenere i nostri due candidati e far vincere il progetto Falciano Bene Comune che intorno alla figura di Erasmo Fava sta coagulando tantissimi consensi e straordinarie energie &#8220;.<\/p>\n<div>\n<div class=\"m_-1478183957356130962gmail_signature\"><\/div>\n<\/div>\n","protected":false},"excerpt":{"rendered":"<p>&nbsp; FALCIANO.\u00a0Altro scossone per la politica locale che si accinge a vivere la campagna elettorale per il rinnovo<\/p>\n","protected":false},"author":2,"featured_media":14617,"comment_status":"closed","ping_status":"closed","sticky":false,"template":"","format":"standard","meta":{"sfsi_plus_gutenberg_text_before_share":"","sfsi_plus_gutenberg_show_text_before_share":"","sfsi_plus_gutenberg_icon_type":"","sfsi_plus_gutenberg_icon_alignemt":"","sfsi_plus_gutenburg_max_per_row":"","footnotes":""},"categories":[4,9],"tags":[3603,3610,629,3604],"class_list":["post-14616","post","type-post","status-publish","format-standard","has-post-thumbnail","hentry","category-falciano","category-politica","tag-comune-falciano","tag-falciano-al-voto","tag-falciano-del-massico","tag-falciano-elezioni"],"_links":{"self":[{"href":"https:\/\/www.thereportzone.it\/index.php?rest_route=\/wp\/v2\/posts\/14616"}],"collection":[{"href":"https:\/\/www.thereportzone.it\/index.php?rest_route=\/wp\/v2\/posts"}],"about":[{"href":"https:\/\/www.thereportzone.it\/index.php?rest_route=\/wp\/v2\/types\/post"}],"author":[{"embeddable":true,"href":"https:\/\/www.thereportzone.it\/index.php?rest_route=\/wp\/v2\/users\/2"}],"replies":[{"embeddable":true,"href":"https:\/\/www.thereportzone.it\/index.php?rest_route=%2Fwp%2Fv2%2Fcomments&post=14616"}],"version-history":[{"count":0,"href":"https:\/\/www.thereportzone.it\/index.php?rest_route=\/wp\/v2\/posts\/14616\/revisions"}],"wp:featuredmedia":[{"embeddable":true,"href":"https:\/\/www.thereportzone.it\/index.php?rest_route=\/"}],"wp:attachment":[{"href":"https:\/\/www.thereportzone.it\/index.php?rest_route=%2Fwp%2Fv2%2Fmedia&parent=14616"}],"wp:term":[{"taxonomy":"category","embeddable":true,"href":"https:\/\/www.thereportzone.it\/index.php?rest_route=%2Fwp%2Fv2%2Fcategories&post=14616"},{"taxonomy":"post_tag","embeddable":true,"href":"https:\/\/www.thereportzone.it\/index.php?rest_route=%2Fwp%2Fv2%2Ftags&post=14616"}],"curies":[{"name":"wp","href":"https:\/\/api.w.org\/{rel}","templated":true}]}}