{"id":14525,"date":"2017-04-14T18:12:52","date_gmt":"2017-04-14T16:12:52","guid":{"rendered":"http:\/\/www.thereportzone.it\/?p=14525"},"modified":"2017-04-14T18:12:52","modified_gmt":"2017-04-14T16:12:52","slug":"santa-croce-chiesa-chiusa-per-la-veglia-di-pasqua-fedeli-sul-piede-di-guerra-domani-sit-in-in-piazza","status":"publish","type":"post","link":"https:\/\/www.thereportzone.it\/?p=14525","title":{"rendered":"Santa Croce, Chiesa chiusa per la veglia di Pasqua: fedeli sul piede di guerra. Domani sit-in in piazza"},"content":{"rendered":"<p>&nbsp;<br \/>\n&nbsp;<br \/>\n<strong>SANTA CROCE DI CARINOLA.<\/strong> Una vicenda che, domani sera, ritorna puntuale ad un anno di distanza. Stiamo parlando del disagio che i cittadini, e tutti i fedeli della piccola comunit\u00e0 di Santa Croce si accingono a vivere in questi giorni, in concomitanza delle festivit\u00e0 e delle celebrazioni pasquali.<br \/>\nIl Parroco Don Enrico, anche quest&#8217;anno, ha deciso di tenere chiusa la Chiesa di Santa Croce (<em>dove tra l&#8217;altro \u00e8 custodita una Reliquia della SS. Croce sulla quale Ges\u00f9 Cristo fu crocifisso<\/em>) per la veglia di Pasqua, nonostante le numerose richieste da parte dei fedeli e nonostante, l&#8217;anno scorso, sempre i fedeli, avevano inviato apposita richiesta (di 3 pagine che trovate in allegato alla fine dell&#8217;articolo) al Vescovo Orazio Piazza.<br \/>\nAbbiamo incontrato oggi pomeriggio alcuni fedeli, in rappresentanza di tutti i credenti di Santa Croce, i quali ci hanno riferito: &#8220;<em>Abbiamo questo malcontento che vogliamo far conoscere a Don Enrico anche attraverso mezzo stampa. Non ci sembra giusto dover trascorrere un&#8217;altra Pasqua senza celebrazioni (spostate a Carinola ndr) e con la Chiesa chiusa. Noi rispettiamo il Sacerdote e non abbiamo nulla contro coloro i quali seguono e seguiranno le celebrazioni a Carinola, ma vogliamo che anche qui a Santa Croce, cercando e trovando un accordo ed una mediazione, possano essere svolte le funzioni sacre<\/em>&#8220;.<br \/>\n&nbsp;<\/p>\n<div>\n<div class=\"_1t_p clearfix\">\n<div class=\"_41ud\">\n<div class=\"clearfix _o46 _3erg _3i_m _nd_ direction_ltr text_align_ltr\">\n<div id=\"js_an\" class=\"_3058 _ui9 _hh7 _s1- _52mr _43by _3oh-\" data-tooltip-content=\"17:12\" data-hover=\"tooltip\" data-tooltip-position=\"right\">\n<div class=\"_aok\"><span class=\"_3oh- _58nk\">&#8220;<em>Abbiamo proposto pi\u00f9 volte &#8211; <\/em>continuano i fedeli<em>&#8211; a Don Enrico di farci carico di prendere un prete, di pagarlo noi pur di mantenere la Chiesa aperta ed avere, dunque, la possibilit\u00e0 di celebrare le funzioni ma puntualmente\u00a0la risposta \u00e8 stata NO&#8221;.<\/em><\/span><\/div>\n<\/div>\n<\/div>\n<\/div>\n<\/div>\n<\/div>\n<div><\/div>\n<div><\/div>\n<div><\/div>\n<div>Pare che Don Enrico non faccia altro che mettere in atto il decreto scaturito dall&#8217;accorpamento delle parrocchie decreto che, comunque, crea non pochi disagi ai fedeli di piccole comunit\u00e0 come quella di Santa Croce.<\/div>\n<div><\/div>\n<div>&#8220;<em>In altre comunit\u00e0 i parroci sono riusciti ad organizzarsi, vedi Ciamprisco, Fontana Radina, Casale di Carinola con San Donato e Ventaroli, con le celebrazioni al Foro Claudio (a Ventaroli). In ogni comunit\u00e0 si \u00e8 giunti ad un accordo, solo qui a Santa Croce continuiamo ad avere questo problema&#8230;&#8221;<\/em><\/div>\n<div><\/div>\n<div>Ieri sera a Santa Croce, infatti, non \u00e8 stata fatta la funzione della lavanda dei piedi, oggi si far\u00e0 l&#8217;adorazione della Croce, mentre domani sera la Chiesa rester\u00e0 chiusa, sempre per volere di don Enrico.<\/div>\n<div><\/div>\n<div>\n<div class=\"_1t_p clearfix\">\n<div class=\"_41ud\">\n<div class=\"clearfix _o46 _3erg _3i_m _nd_ direction_ltr text_align_ltr\">\n<div id=\"js_cz\" class=\"_3058 _ui9 _hh7 _s1- _52mr _43by _3oh-\" data-tooltip-content=\"17:13\" data-hover=\"tooltip\" data-tooltip-position=\"right\">\n<div class=\"_aok\"><em><span class=\"_3oh- _58nk\">&#8220;Siamo allibiti, arrabbiati e ci rendiamo conto che don Enrico \u00e8 l&#8217;unico parroco ad attuare il decreto senza se e senza ma, mentre altri sacerdoti cercano di mediare&#8230; Ma noi ci domandiamo: l<\/span>a Chiesa \u00e8 o non \u00e8 del popolo?&#8221;.<\/em><\/div>\n<\/div>\n<\/div>\n<div class=\"_aok\"><\/div>\n<\/div>\n<\/div>\n<\/div>\n<div class=\"_3058 _ui9 _hh7 _s1- _52mr _43by _3oh-\" data-tooltip-content=\"17:14\" data-hover=\"tooltip\" data-tooltip-position=\"right\"><\/div>\n<div class=\"_3058 _ui9 _hh7 _s1- _52mr _43by _3oh-\" data-tooltip-content=\"17:14\" data-hover=\"tooltip\" data-tooltip-position=\"right\"><\/div>\n<div class=\"_3058 _ui9 _hh7 _s1- _52mr _43by _3oh-\" data-tooltip-content=\"17:14\" data-hover=\"tooltip\" data-tooltip-position=\"right\">Una situazione difficile che mette i fedeli in una difficile condizione di disagio. Gli stessi fedeli, inoltre, si dicono disposti a spostarsi a Carinola per qualsiasi evento. In realt\u00e0, l&#8217;unica cosa che chiedono \u00e8 che le funzioni vengano svolte nella loro Chiesa di Santa Croce.<\/div>\n<div class=\"_3058 _ui9 _hh7 _s1- _52mr _43by _3oh-\" data-tooltip-content=\"17:14\" data-hover=\"tooltip\" data-tooltip-position=\"right\"><\/div>\n<div class=\"_3058 _ui9 _hh7 _s1- _52mr _43by _3oh-\" data-tooltip-content=\"17:14\" data-hover=\"tooltip\" data-tooltip-position=\"right\"><\/div>\n<div class=\"_3058 _ui9 _hh7 _s1- _52mr _43by _3oh-\" data-tooltip-content=\"17:14\" data-hover=\"tooltip\" data-tooltip-position=\"right\">\n<div class=\"clearfix _o46 _3erg _3i_m _nd_ direction_ltr text_align_ltr\">\n<div id=\"js_fv\" class=\"_3058 _ui9 _hh7 _s1- _52mr _43by _3oh-\" data-tooltip-content=\"17:14\" data-hover=\"tooltip\" data-tooltip-position=\"right\">\n<div class=\"_aok\"><strong><span class=\"_3oh- _58nk\">Domani sera, sabato 15 Aprile, alle ore 22.00 ci sar\u00e0 un ritrovo in Piazza Padre Pio, davanti la Chiesa chiusa. Con una serie di cartelloni i fedeli saranno voce al malcontento dell&#8217;intera popolazione. Per l&#8217;occasione \u00e8 stato anche preparato e distribuito un volantino che trovate in allegato qui sotto.<\/span><\/strong><\/div>\n<\/div>\n<\/div>\n<\/div>\n<div class=\"_aok\"><\/div>\n<div class=\"_aok\"><\/div>\n<p>&nbsp;<\/p>\n<div class=\"_aok\">\n<figure id=\"attachment_14529\" aria-describedby=\"caption-attachment-14529\" style=\"width: 540px\" class=\"wp-caption aligncenter\"><img fetchpriority=\"high\" decoding=\"async\" class=\"wp-image-14529 size-full\" src=\"http:\/\/www.thereportzone.it\/wp-content\/uploads\/2017\/04\/17965939_10211939315735009_161244076_n.jpg\" alt=\"17965939_10211939315735009_161244076_n\" width=\"540\" height=\"720\" \/><figcaption id=\"caption-attachment-14529\" class=\"wp-caption-text\">LETTERA AL VESCOVO &#8211; PAG 1<\/figcaption><\/figure>\n<\/div>\n<p>&nbsp;<\/p>\n<div class=\"_aok\">\n<figure id=\"attachment_14526\" aria-describedby=\"caption-attachment-14526\" style=\"width: 540px\" class=\"wp-caption aligncenter\"><img decoding=\"async\" class=\"wp-image-14526 size-full\" src=\"http:\/\/www.thereportzone.it\/wp-content\/uploads\/2017\/04\/17965053_10211939315575005_295100636_n.jpg\" alt=\"17965053_10211939315575005_295100636_n\" width=\"540\" height=\"720\" \/><figcaption id=\"caption-attachment-14526\" class=\"wp-caption-text\">LETTERA AL VESCOVO &#8211; PAG 2<\/figcaption><\/figure>\n<\/div>\n<p>&nbsp;<\/p>\n<div class=\"_aok\">\n<figure id=\"attachment_14527\" aria-describedby=\"caption-attachment-14527\" style=\"width: 540px\" class=\"wp-caption aligncenter\"><img decoding=\"async\" class=\"wp-image-14527 size-full\" src=\"http:\/\/www.thereportzone.it\/wp-content\/uploads\/2017\/04\/17965251_10211939315375000_759627961_n.jpg\" alt=\"17965251_10211939315375000_759627961_n\" width=\"540\" height=\"720\" \/><figcaption id=\"caption-attachment-14527\" class=\"wp-caption-text\">LETTERA AL VESCOVO PAG.3<\/figcaption><\/figure>\n<\/div>\n<p>&nbsp;<\/p>\n<div class=\"_aok\">\n<figure id=\"attachment_14528\" aria-describedby=\"caption-attachment-14528\" style=\"width: 720px\" class=\"wp-caption aligncenter\"><img loading=\"lazy\" decoding=\"async\" class=\"wp-image-14528 size-full\" src=\"http:\/\/www.thereportzone.it\/wp-content\/uploads\/2017\/04\/17965552_10211939315254997_1484067318_n.jpg\" alt=\"17965552_10211939315254997_1484067318_n\" width=\"720\" height=\"540\" \/><figcaption id=\"caption-attachment-14528\" class=\"wp-caption-text\">VOLANTINO DIFFUSO IN PAESE<\/figcaption><\/figure>\n<\/div>\n","protected":false},"excerpt":{"rendered":"<p>&nbsp; &nbsp; SANTA CROCE DI CARINOLA. Una vicenda che, domani sera, ritorna puntuale ad un anno di distanza.<\/p>\n","protected":false},"author":2,"featured_media":14535,"comment_status":"closed","ping_status":"closed","sticky":false,"template":"","format":"standard","meta":{"sfsi_plus_gutenberg_text_before_share":"","sfsi_plus_gutenberg_show_text_before_share":"","sfsi_plus_gutenberg_icon_type":"","sfsi_plus_gutenberg_icon_alignemt":"","sfsi_plus_gutenburg_max_per_row":"","footnotes":""},"categories":[2973,8],"tags":[82,453,3607,3608,3609],"class_list":["post-14525","post","type-post","status-publish","format-standard","has-post-thumbnail","hentry","category-carinola","category-cronaca","tag-carinola","tag-chiesa","tag-chiesa-carinola","tag-chiesa-santa-croce","tag-pasqua-a-carinola"],"_links":{"self":[{"href":"https:\/\/www.thereportzone.it\/index.php?rest_route=\/wp\/v2\/posts\/14525"}],"collection":[{"href":"https:\/\/www.thereportzone.it\/index.php?rest_route=\/wp\/v2\/posts"}],"about":[{"href":"https:\/\/www.thereportzone.it\/index.php?rest_route=\/wp\/v2\/types\/post"}],"author":[{"embeddable":true,"href":"https:\/\/www.thereportzone.it\/index.php?rest_route=\/wp\/v2\/users\/2"}],"replies":[{"embeddable":true,"href":"https:\/\/www.thereportzone.it\/index.php?rest_route=%2Fwp%2Fv2%2Fcomments&post=14525"}],"version-history":[{"count":0,"href":"https:\/\/www.thereportzone.it\/index.php?rest_route=\/wp\/v2\/posts\/14525\/revisions"}],"wp:featuredmedia":[{"embeddable":true,"href":"https:\/\/www.thereportzone.it\/index.php?rest_route=\/"}],"wp:attachment":[{"href":"https:\/\/www.thereportzone.it\/index.php?rest_route=%2Fwp%2Fv2%2Fmedia&parent=14525"}],"wp:term":[{"taxonomy":"category","embeddable":true,"href":"https:\/\/www.thereportzone.it\/index.php?rest_route=%2Fwp%2Fv2%2Fcategories&post=14525"},{"taxonomy":"post_tag","embeddable":true,"href":"https:\/\/www.thereportzone.it\/index.php?rest_route=%2Fwp%2Fv2%2Ftags&post=14525"}],"curies":[{"name":"wp","href":"https:\/\/api.w.org\/{rel}","templated":true}]}}