{"id":14498,"date":"2017-04-13T18:32:25","date_gmt":"2017-04-13T16:32:25","guid":{"rendered":"http:\/\/www.thereportzone.it\/?p=14498"},"modified":"2017-04-13T18:32:25","modified_gmt":"2017-04-13T16:32:25","slug":"mondragone-al-voto-noi-con-salvini-si-presenta-alle-elezioni","status":"publish","type":"post","link":"https:\/\/www.thereportzone.it\/?p=14498","title":{"rendered":"MONDRAGONE AL VOTO &#8211; Noi con Salvini si presenta alle elezioni"},"content":{"rendered":"<p>&nbsp;<br \/>\n<strong>MONDRAGONE<\/strong>.\u00a0Il Partito \u201cNoi con Salvini\u201d sar\u00e0 presente alle Amministrative di Mondragone il prossimo 11 Giugno con il candidato Sindaco Dott. Ing. Raffaele Pero. Questo \u00e8 quanto emerge dalla riunione che si \u00e8 tenuta mercoled\u00ec 12 Aprile in Mondragone nella sede del Partito \u201c Noi con Salvini\u201d alla via Nazario Sauro n. 4.<br \/>\nLa candidatura a Sindaco dell\u2019Ing. Raffaele Pero alla guida della lista di Partito \u201cNoi con Salvini\u201d era maturata gi\u00e0 da tempo e si aspettava il perfezionamento della lista dei candidati consiglieri e l\u2019approvazione di tutta l\u2019operazione da parte degli Organi Superiori di Partito.<br \/>\nNella lista ci saranno il Coordinatore Cittadino Fabio Esposito e il Segretario di Partito di Mondragone Arturo Tucci. Questa Lista sar\u00e0 affiancata da un\u2019altra Lista in formazione \u201cRinnovamento per Mondragone\u201d che consentir\u00e0 la candidatura di altri iscritti al partito e simpatizzanti.<br \/>\nIl Programma di questa forza politica sar\u00e0 incentrato in primis sul rafforzamento delle azioni riguardanti la Sicurezza dei Mondragonesi, delle loro case e dei loro averi contro il massiccio assalto di ladri e rapinatori che imperversano a tutte le ore sul nostro territorio. Altre interessanti novit\u00e0 sul programma e sulla composizione delle liste si avranno con successivi comunicati stampa.<\/p>\n<p style=\"text-align: right;\"><strong><em>Modragone, li 13\/04\/2017 Il Direttivo di \u201cNoi con Salvini\u201d Mondragone<\/em><\/strong><\/p>\n","protected":false},"excerpt":{"rendered":"<p>&nbsp; MONDRAGONE.\u00a0Il Partito \u201cNoi con Salvini\u201d sar\u00e0 presente alle Amministrative di Mondragone il prossimo 11 Giugno con il<\/p>\n","protected":false},"author":2,"featured_media":14499,"comment_status":"closed","ping_status":"closed","sticky":false,"template":"","format":"standard","meta":{"sfsi_plus_gutenberg_text_before_share":"","sfsi_plus_gutenberg_show_text_before_share":"","sfsi_plus_gutenberg_icon_type":"","sfsi_plus_gutenberg_icon_alignemt":"","sfsi_plus_gutenburg_max_per_row":"","footnotes":""},"categories":[5,9],"tags":[4829,4816,3636,4750],"class_list":["post-14498","post","type-post","status-publish","format-standard","has-post-thumbnail","hentry","category-mondragone","category-politica","tag-mondragone-al-voto","tag-mondragone-elezioni","tag-mondragone-politica","tag-noi-con-salvini"],"_links":{"self":[{"href":"https:\/\/www.thereportzone.it\/index.php?rest_route=\/wp\/v2\/posts\/14498"}],"collection":[{"href":"https:\/\/www.thereportzone.it\/index.php?rest_route=\/wp\/v2\/posts"}],"about":[{"href":"https:\/\/www.thereportzone.it\/index.php?rest_route=\/wp\/v2\/types\/post"}],"author":[{"embeddable":true,"href":"https:\/\/www.thereportzone.it\/index.php?rest_route=\/wp\/v2\/users\/2"}],"replies":[{"embeddable":true,"href":"https:\/\/www.thereportzone.it\/index.php?rest_route=%2Fwp%2Fv2%2Fcomments&post=14498"}],"version-history":[{"count":0,"href":"https:\/\/www.thereportzone.it\/index.php?rest_route=\/wp\/v2\/posts\/14498\/revisions"}],"wp:featuredmedia":[{"embeddable":true,"href":"https:\/\/www.thereportzone.it\/index.php?rest_route=\/"}],"wp:attachment":[{"href":"https:\/\/www.thereportzone.it\/index.php?rest_route=%2Fwp%2Fv2%2Fmedia&parent=14498"}],"wp:term":[{"taxonomy":"category","embeddable":true,"href":"https:\/\/www.thereportzone.it\/index.php?rest_route=%2Fwp%2Fv2%2Fcategories&post=14498"},{"taxonomy":"post_tag","embeddable":true,"href":"https:\/\/www.thereportzone.it\/index.php?rest_route=%2Fwp%2Fv2%2Ftags&post=14498"}],"curies":[{"name":"wp","href":"https:\/\/api.w.org\/{rel}","templated":true}]}}