{"id":14489,"date":"2017-04-13T10:10:43","date_gmt":"2017-04-13T08:10:43","guid":{"rendered":"http:\/\/www.thereportzone.it\/?p=14489"},"modified":"2017-04-13T10:10:43","modified_gmt":"2017-04-13T08:10:43","slug":"la-tragedia-operaio-muore-schiacciato-dal-ponteggio","status":"publish","type":"post","link":"https:\/\/www.thereportzone.it\/?p=14489","title":{"rendered":"LA TRAGEDIA &#8211; Operaio muore cadendo dal ponteggio, un altro \u00e8 gravemente ferito"},"content":{"rendered":"<p>&nbsp;<br \/>\n<strong>CRONACA<\/strong>. Una terribile tragedia \u00e8 avvenuta questa mattina in Provincia di Caserta, pi\u00f9 precisamente ad Aversa, in via Giotto. Un operaio \u00e8 morto precipitando gi\u00f9 dal ponteggio. Al momento tutte le analisi sulla dinamica sono ancora in corso.<br \/>\n&nbsp;<br \/>\nC&#8217;\u00e8 chi suppone che l&#8217;operaio sia morto sul colpo per la caduta, mentre altre voci parlano di alcuni pezzi del ponteggio stesso che lo avrebbero schiacciato. Tuttavia la dinamica esatta non \u00e8 ancora emersa e non possiamo dare certezza su come il terribile incidente sia accaduto.<br \/>\n&nbsp;<br \/>\nInsieme alla vittima \u00e8 caduto dal ponteggio anche un altro operaio che, al momento, si trova presso l&#8217;Ospedale di Aversa con codice rosso. L&#8217;incidente \u00e8 avvenuto alle ore 8.00 di stamattina, probabilmente sar\u00e0 aperta un&#8217;inchiesta da parte della Procura.<br \/>\n&nbsp;<br \/>\n&nbsp;<\/p>\n","protected":false},"excerpt":{"rendered":"<p>&nbsp; CRONACA. Una terribile tragedia \u00e8 avvenuta questa mattina in Provincia di Caserta, pi\u00f9 precisamente ad Aversa, in<\/p>\n","protected":false},"author":2,"featured_media":7753,"comment_status":"closed","ping_status":"closed","sticky":false,"template":"","format":"standard","meta":{"sfsi_plus_gutenberg_text_before_share":"","sfsi_plus_gutenberg_show_text_before_share":"","sfsi_plus_gutenberg_icon_type":"","sfsi_plus_gutenberg_icon_alignemt":"","sfsi_plus_gutenburg_max_per_row":"","footnotes":""},"categories":[2942,8],"tags":[3598,2360,457,3599,3600,346,3601],"class_list":["post-14489","post","type-post","status-publish","format-standard","has-post-thumbnail","hentry","category-agro-aversano","category-cronaca","tag-aversa-cronaca","tag-incidente-acerra","tag-incidente-mortale","tag-morte-operaio","tag-operaio-muore","tag-tragedia","tag-tragedia-aversa"],"_links":{"self":[{"href":"https:\/\/www.thereportzone.it\/index.php?rest_route=\/wp\/v2\/posts\/14489"}],"collection":[{"href":"https:\/\/www.thereportzone.it\/index.php?rest_route=\/wp\/v2\/posts"}],"about":[{"href":"https:\/\/www.thereportzone.it\/index.php?rest_route=\/wp\/v2\/types\/post"}],"author":[{"embeddable":true,"href":"https:\/\/www.thereportzone.it\/index.php?rest_route=\/wp\/v2\/users\/2"}],"replies":[{"embeddable":true,"href":"https:\/\/www.thereportzone.it\/index.php?rest_route=%2Fwp%2Fv2%2Fcomments&post=14489"}],"version-history":[{"count":0,"href":"https:\/\/www.thereportzone.it\/index.php?rest_route=\/wp\/v2\/posts\/14489\/revisions"}],"wp:featuredmedia":[{"embeddable":true,"href":"https:\/\/www.thereportzone.it\/index.php?rest_route=\/"}],"wp:attachment":[{"href":"https:\/\/www.thereportzone.it\/index.php?rest_route=%2Fwp%2Fv2%2Fmedia&parent=14489"}],"wp:term":[{"taxonomy":"category","embeddable":true,"href":"https:\/\/www.thereportzone.it\/index.php?rest_route=%2Fwp%2Fv2%2Fcategories&post=14489"},{"taxonomy":"post_tag","embeddable":true,"href":"https:\/\/www.thereportzone.it\/index.php?rest_route=%2Fwp%2Fv2%2Ftags&post=14489"}],"curies":[{"name":"wp","href":"https:\/\/api.w.org\/{rel}","templated":true}]}}