{"id":14430,"date":"2017-04-11T09:37:18","date_gmt":"2017-04-11T07:37:18","guid":{"rendered":"http:\/\/www.thereportzone.it\/?p=14430"},"modified":"2017-04-11T09:37:18","modified_gmt":"2017-04-11T07:37:18","slug":"falciano-al-voto-ling-vincenzo-cestrone-sta-con-fava","status":"publish","type":"post","link":"https:\/\/www.thereportzone.it\/?p=14430","title":{"rendered":"FALCIANO AL VOTO &#8211; L&#8217;Ing. Vincenzo Cestrone sta con Fava"},"content":{"rendered":"<p>&nbsp;<br \/>\n<strong>FALCIANO<\/strong>. Secondo le ultime indiscrezioni, che ci giungono con piena certezza, l&#8217;avventura politica dell&#8217;Ingegnere Vincenzo Cestrone continua. Dopo aver bocciato il progetto di Noi Prima Lista, il professionista apre a Falciano Bene Comune.<br \/>\nSecondo quanto si apprende l&#8217;Ing. Cestrone vedrebbe in Falciano Bene Comune la proposta che pi\u00f9 si avvicina alla sua idea politica. Dunque, Cestrone, offre la sua totale disponibilit\u00e0 al progetto di Fava. Adesso si dovr\u00e0 vedere quale ruolo andrebbe a ricoprire in questa squadra. \u00a0La lista di Erasmo Fava, dunque, si arricchisce di un nuovo candidato.<br \/>\n&nbsp;<\/p>\n","protected":false},"excerpt":{"rendered":"<p>&nbsp; FALCIANO. Secondo le ultime indiscrezioni, che ci giungono con piena certezza, l&#8217;avventura politica dell&#8217;Ingegnere Vincenzo Cestrone continua.<\/p>\n","protected":false},"author":2,"featured_media":13279,"comment_status":"closed","ping_status":"closed","sticky":false,"template":"","format":"standard","meta":{"sfsi_plus_gutenberg_text_before_share":"","sfsi_plus_gutenberg_show_text_before_share":"","sfsi_plus_gutenberg_icon_type":"","sfsi_plus_gutenberg_icon_alignemt":"","sfsi_plus_gutenburg_max_per_row":"","footnotes":""},"categories":[4,9],"tags":[3485,4826,3610,3699,195],"class_list":["post-14430","post","type-post","status-publish","format-standard","has-post-thumbnail","hentry","category-falciano","category-politica","tag-elezioni-falciano","tag-falcano-comune","tag-falciano-al-voto","tag-falciano-politica","tag-politica-2"],"_links":{"self":[{"href":"https:\/\/www.thereportzone.it\/index.php?rest_route=\/wp\/v2\/posts\/14430"}],"collection":[{"href":"https:\/\/www.thereportzone.it\/index.php?rest_route=\/wp\/v2\/posts"}],"about":[{"href":"https:\/\/www.thereportzone.it\/index.php?rest_route=\/wp\/v2\/types\/post"}],"author":[{"embeddable":true,"href":"https:\/\/www.thereportzone.it\/index.php?rest_route=\/wp\/v2\/users\/2"}],"replies":[{"embeddable":true,"href":"https:\/\/www.thereportzone.it\/index.php?rest_route=%2Fwp%2Fv2%2Fcomments&post=14430"}],"version-history":[{"count":0,"href":"https:\/\/www.thereportzone.it\/index.php?rest_route=\/wp\/v2\/posts\/14430\/revisions"}],"wp:featuredmedia":[{"embeddable":true,"href":"https:\/\/www.thereportzone.it\/index.php?rest_route=\/"}],"wp:attachment":[{"href":"https:\/\/www.thereportzone.it\/index.php?rest_route=%2Fwp%2Fv2%2Fmedia&parent=14430"}],"wp:term":[{"taxonomy":"category","embeddable":true,"href":"https:\/\/www.thereportzone.it\/index.php?rest_route=%2Fwp%2Fv2%2Fcategories&post=14430"},{"taxonomy":"post_tag","embeddable":true,"href":"https:\/\/www.thereportzone.it\/index.php?rest_route=%2Fwp%2Fv2%2Ftags&post=14430"}],"curies":[{"name":"wp","href":"https:\/\/api.w.org\/{rel}","templated":true}]}}