{"id":14227,"date":"2017-03-27T10:05:33","date_gmt":"2017-03-27T08:05:33","guid":{"rendered":"http:\/\/www.thereportzone.it\/?p=14227"},"modified":"2017-03-27T10:05:33","modified_gmt":"2017-03-27T08:05:33","slug":"mondragone-bene-comune-welfare-generativo-per-i-nostri-territori","status":"publish","type":"post","link":"https:\/\/www.thereportzone.it\/?p=14227","title":{"rendered":"MONDRAGONE BENE COMUNE: &#8220;Welfare generativo per i nostri territori&#8221;"},"content":{"rendered":"<p>&nbsp;<br \/>\n<strong>MONDRAGONE<\/strong>.\u00a0\u201cSono sempre pi\u00f9 numerose situazioni di difficolt\u00e0 economiche ai limiti della povert\u00e0 e sono sempre di pi\u00f9 le famiglie che non riescono a fronteggiare una crisi che va avanti ormai da troppo tempo. Anche a Mondragone, anche nei nostri territori, ha evidenziato <strong>SILVIO DI FUSCO<\/strong>, da sempre attivamente impegnato nel sociale e <strong>candidato di &lt;Mondragone. Bene Comune&gt; per le prossime elezioni amministrative.<\/strong> Per non parlare del lavoro che manca e delle difficolt\u00e0 dei giovani a costruirsi un futuro.<br \/>\n&nbsp;<br \/>\nE in periodi di crisi come questi inevitabilmente le persone svantaggiate, quelle pi\u00f9 fragili, quelle con meno possibilit\u00e0 rischiano di vedere aumentate le disuguaglianze i loro problemi e di essere abbandonate e spinte ancor di pi\u00f9 ai margini. Mai come ora urge mettere veramente al centro dell\u2019azione pubblica le nuove povert\u00e0, materiali e non, pena lo sfilacciamento del tessuto sociale della nostra citt\u00e0.<br \/>\n&nbsp;<br \/>\nMa le politiche di welfare, ha continuato <strong>SILVIO DI FUSCO<\/strong>, praticate sino ad oggi mostrano il fiato e dimostrano tutta la loro inefficacia. Esse <u>sembrano ormai soddisfare pi\u00f9 i gestori di servizi sociali che gli utenti<\/u>. Al di l\u00e0 del fondo per il sociale, che ovviamente va aumentato, e al di l\u00e0 delle risorse che necessariamente il comune dovr\u00e0 autonomamente stanziare per nuove politiche di welfare e al di l\u00e0 dell\u2019aumento dei professionisti del sociale nell\u2019organico comunale, occorre- ad avviso di <strong>MBC<\/strong>&#8211; cambiare registro, abbandonando un welfare solo assistenziale per passare al welfare generativo.<br \/>\n&nbsp;<br \/>\nSi tratta, ha precisato <strong>SILVIO DI FUSCO<\/strong>, di una vera e propria rivoluzione. Il welfare generativo prevede un incontro fra diritti e doveri. Oggi la persona che ha una situazione di bisogno usufruisce di prestazioni sociali, ma senza che ci\u00f2 comporti ricadute positive oltre il beneficio individuale. Dobbiamo passare a diritti individuali trasformati in diritti a corrispettivo sociale: ci\u00f2 che la persona riceve \u00e8 per aiutarla e per metterla in condizione di aiutare a sua volta altri, la collettivit\u00e0.<br \/>\n&nbsp;<br \/>\nChi riceve dalla collettivit\u00e0 (anche nell\u2019ipotesi di un reddito minimo di cittadinanza) deve dare a sua volta qualcosa alla comunit\u00e0 attraverso un impegno civile, una attivit\u00e0 sociale. Ma occorre anche avvicinare le politiche di welfare ai cittadini: i <u>Quartieri<\/u> e, soprattutto, le <u>Parrocchie<\/u> (che gi\u00e0 fanno tantissimo), ovvero chi \u00e8 pi\u00f9 prossimo, dovranno diventare i <u>&lt;Pres\u00ecdi&gt; di un nuovo welfare<\/u> urbano in grado di monitorare e prendersi cura di tutti i cittadini, a partire da quelli pi\u00f9 bisognosi.<br \/>\nCos\u00ec come occorre dar vita a reti di famiglie di mutuo-aiuto, in grado di innervare- con il supporto delle tante associazioni e gruppi di volontariato- di rinnovata solidariet\u00e0 il tessuto urbano. Si pu\u00f2 uscire dalla crisi e si pu\u00f2 riprendere il cammino, ha concluso <strong>SILVIO DI FUSCO<\/strong>&#8211; non certamente da soli ma soltanto come \u00a0Comunit\u00e0.\u201d<br \/>\n&nbsp;<br \/>\n<figure id=\"attachment_14228\" aria-describedby=\"caption-attachment-14228\" style=\"width: 831px\" class=\"wp-caption alignnone\"><img fetchpriority=\"high\" decoding=\"async\" class=\"size-full wp-image-14228\" src=\"http:\/\/www.thereportzone.it\/wp-content\/uploads\/2017\/03\/Silvio-Di-Fuscco.jpg\" alt=\"Silvio Di Fuscco\" width=\"831\" height=\"960\" \/><figcaption id=\"caption-attachment-14228\" class=\"wp-caption-text\">Silvio Di Fuscco<\/figcaption><\/figure><\/p>\n","protected":false},"excerpt":{"rendered":"<p>&nbsp; MONDRAGONE.\u00a0\u201cSono sempre pi\u00f9 numerose situazioni di difficolt\u00e0 economiche ai limiti della povert\u00e0 e sono sempre di pi\u00f9<\/p>\n","protected":false},"author":2,"featured_media":14228,"comment_status":"closed","ping_status":"closed","sticky":false,"template":"","format":"standard","meta":{"sfsi_plus_gutenberg_text_before_share":"","sfsi_plus_gutenberg_show_text_before_share":"","sfsi_plus_gutenberg_icon_type":"","sfsi_plus_gutenberg_icon_alignemt":"","sfsi_plus_gutenburg_max_per_row":"","footnotes":""},"categories":[5,9],"tags":[4814,4767,4800,3636],"class_list":["post-14227","post","type-post","status-publish","format-standard","has-post-thumbnail","hentry","category-mondragone","category-politica","tag-bene-comune-mondragone","tag-elezioni-mondragone","tag-mondragone-bene-comune","tag-mondragone-politica"],"_links":{"self":[{"href":"https:\/\/www.thereportzone.it\/index.php?rest_route=\/wp\/v2\/posts\/14227"}],"collection":[{"href":"https:\/\/www.thereportzone.it\/index.php?rest_route=\/wp\/v2\/posts"}],"about":[{"href":"https:\/\/www.thereportzone.it\/index.php?rest_route=\/wp\/v2\/types\/post"}],"author":[{"embeddable":true,"href":"https:\/\/www.thereportzone.it\/index.php?rest_route=\/wp\/v2\/users\/2"}],"replies":[{"embeddable":true,"href":"https:\/\/www.thereportzone.it\/index.php?rest_route=%2Fwp%2Fv2%2Fcomments&post=14227"}],"version-history":[{"count":0,"href":"https:\/\/www.thereportzone.it\/index.php?rest_route=\/wp\/v2\/posts\/14227\/revisions"}],"wp:featuredmedia":[{"embeddable":true,"href":"https:\/\/www.thereportzone.it\/index.php?rest_route=\/"}],"wp:attachment":[{"href":"https:\/\/www.thereportzone.it\/index.php?rest_route=%2Fwp%2Fv2%2Fmedia&parent=14227"}],"wp:term":[{"taxonomy":"category","embeddable":true,"href":"https:\/\/www.thereportzone.it\/index.php?rest_route=%2Fwp%2Fv2%2Fcategories&post=14227"},{"taxonomy":"post_tag","embeddable":true,"href":"https:\/\/www.thereportzone.it\/index.php?rest_route=%2Fwp%2Fv2%2Ftags&post=14227"}],"curies":[{"name":"wp","href":"https:\/\/api.w.org\/{rel}","templated":true}]}}