{"id":14157,"date":"2017-03-22T17:48:24","date_gmt":"2017-03-22T16:48:24","guid":{"rendered":"http:\/\/www.thereportzone.it\/?p=14157"},"modified":"2017-03-22T17:48:24","modified_gmt":"2017-03-22T16:48:24","slug":"gruppo-consiliare-generazione-aurunca-lunico-primato-perso-in-pochi-mesi","status":"publish","type":"post","link":"https:\/\/www.thereportzone.it\/?p=14157","title":{"rendered":"Gruppo Consiliare Generazione Aurunca: &#8220;Differenziata, l&#8217;unico primato perso in pochi mesi&#8221;"},"content":{"rendered":"<p>&nbsp;<br \/>\n<strong>SESSA AURUNCA<\/strong>. RICEVIAMO E PUBBLICHIAMO IL COMUNICATO STAMPA DEL GRUPPO CONSILIARE GENERAZIONE AURUNCA.<br \/>\n&#8220;Sessa Aurunca: l&#8217;unico primato perso in pochi mesi. Purtroppo il periodo difficile per il nostro Territorio continua. E&#8217; notizia di queste ore, a seguito anche di nostra indagine, che la Raccolta differenziata dei rifiuti Solidi Urbani, sia letteralmente crollata di quasi dieci punti percentuale, scendendo ai limiti di quanto consentito legislativamente.<br \/>\nTutto ci\u00f2 in pochi mesi. Un tracollo inatteso e doloroso, che annulla l&#8217;unico primato positivo del nostro Ente, riportandoci tra i Comuni non pi\u00f9 virtuosi. Chiaramente, tale tracollo non \u00e8 causato dal lavoro sempre eccellente delle maestranze, ma da una gestione politica non efficiente. Sar\u00e0 nostro impegno impulsare l&#8217;Amministrazione a ripristinare i precedenti parametri e fermare il declino&#8221;.<\/p>\n<p style=\"text-align: right;\"><strong><em>Gruppo Consiliare &#8211; Generazione Aurunca<\/em><\/strong><\/p>\n","protected":false},"excerpt":{"rendered":"<p>&nbsp; SESSA AURUNCA. RICEVIAMO E PUBBLICHIAMO IL COMUNICATO STAMPA DEL GRUPPO CONSILIARE GENERAZIONE AURUNCA. &#8220;Sessa Aurunca: l&#8217;unico primato<\/p>\n","protected":false},"author":2,"featured_media":9698,"comment_status":"closed","ping_status":"closed","sticky":false,"template":"","format":"standard","meta":{"sfsi_plus_gutenberg_text_before_share":"","sfsi_plus_gutenberg_show_text_before_share":"","sfsi_plus_gutenberg_icon_type":"","sfsi_plus_gutenberg_icon_alignemt":"","sfsi_plus_gutenburg_max_per_row":"","footnotes":""},"categories":[9,2968],"tags":[4101,4650,4786,1011,4480,4367],"class_list":["post-14157","post","type-post","status-publish","format-standard","has-post-thumbnail","hentry","category-politica","category-sessa-aurunca","tag-elezioni-sessa-aurunca","tag-generazione-aurunca","tag-politica-sessa","tag-sessa-aurunca","tag-sessa-aurunca-politica","tag-sindaco-sessa-aurunca"],"_links":{"self":[{"href":"https:\/\/www.thereportzone.it\/index.php?rest_route=\/wp\/v2\/posts\/14157"}],"collection":[{"href":"https:\/\/www.thereportzone.it\/index.php?rest_route=\/wp\/v2\/posts"}],"about":[{"href":"https:\/\/www.thereportzone.it\/index.php?rest_route=\/wp\/v2\/types\/post"}],"author":[{"embeddable":true,"href":"https:\/\/www.thereportzone.it\/index.php?rest_route=\/wp\/v2\/users\/2"}],"replies":[{"embeddable":true,"href":"https:\/\/www.thereportzone.it\/index.php?rest_route=%2Fwp%2Fv2%2Fcomments&post=14157"}],"version-history":[{"count":0,"href":"https:\/\/www.thereportzone.it\/index.php?rest_route=\/wp\/v2\/posts\/14157\/revisions"}],"wp:featuredmedia":[{"embeddable":true,"href":"https:\/\/www.thereportzone.it\/index.php?rest_route=\/"}],"wp:attachment":[{"href":"https:\/\/www.thereportzone.it\/index.php?rest_route=%2Fwp%2Fv2%2Fmedia&parent=14157"}],"wp:term":[{"taxonomy":"category","embeddable":true,"href":"https:\/\/www.thereportzone.it\/index.php?rest_route=%2Fwp%2Fv2%2Fcategories&post=14157"},{"taxonomy":"post_tag","embeddable":true,"href":"https:\/\/www.thereportzone.it\/index.php?rest_route=%2Fwp%2Fv2%2Ftags&post=14157"}],"curies":[{"name":"wp","href":"https:\/\/api.w.org\/{rel}","templated":true}]}}