{"id":14115,"date":"2017-03-20T11:07:54","date_gmt":"2017-03-20T10:07:54","guid":{"rendered":"http:\/\/www.thereportzone.it\/?p=14115"},"modified":"2017-03-20T11:07:54","modified_gmt":"2017-03-20T10:07:54","slug":"mondragone-bene-comune-un-codice-etico-per-tutti-i-candidati","status":"publish","type":"post","link":"https:\/\/www.thereportzone.it\/?p=14115","title":{"rendered":"MONDRAGONE BENE COMUNE: &#8220;Un codice etico per tutti i candidati&#8221;"},"content":{"rendered":"<p>&nbsp;<br \/>\n<strong>MONDRAGONE<\/strong>.\u00a0\u201cIl 21 Marzo, il primo giorno di Primavera, \u00e8 anche la GIORNATA DELLA MEMORIA E DELL\u2019IMPEGNO IN RICORDO DELLE VITTIME DELLE MAFIE. Grazie a LIBERA, l\u2019associazione di don Ciotti, ogni anno, da ventidue anni, ci si ritrova nelle piazze d\u2019Italia &#8211; ha dichiarato <strong><u>Dario Caprio di MBC<\/u><\/strong> \u2013 per essere concretamente al fianco dei familiari delle vittime innocenti e per ribadire l\u2019impegno per la legalit\u00e0, la buona politica e la buona amministrazione.<br \/>\nL\u20198 marzo scorso \u00e8 entrata in vigore la legge istitutiva di tale Giornata, anch\u2019essa fortemente voluta da don Ciotti e da Libera, affinch\u00e9 la responsabilit\u00e0 della memoria diventi una responsabilit\u00e0 collettiva, di tutto il Paese. \u00a0Pur senza sminuire la straordinaria importanza di un tale evento (soprattutto dal punto di vista simbolico), siamo tuttavia convinti che l\u2019impegno per la legalit\u00e0 e la lotta contro le criminalit\u00e0 dovrebbero essere esercitati tutti i giorni e da tutti, a partire da coloro che rivestono ruoli pubblici. Crediamo cio\u00e8 che per &lt;Luoghi di speranza e Testimoni di bellezza&gt; (<em>per stare al messaggio del 21 marzo di quest\u2019anno<\/em>) ci si debba impegnare come comunit\u00e0 per tutto l\u2019anno. E i primi a farlo dovranno essere &lt;gli eletti&gt;.<br \/>\n&nbsp;<br \/>\n\u201cSi tratta di impegni che dovranno connotare l\u2019azione del PATTO CIVICO per Mondragone, del candidato alla carica di Sindaco, Virgilio Pacifico, e di tutti i candidati della Coalizione, ha continuato <strong><u>Umberto Cinque di MBC<\/u><\/strong>. Per questo, ho gi\u00e0 consegnato a tutti i rappresentanti della Patto Civico presenti al Tavolo la CARTA DI AVVISO PUBBLICO, il Codice per la Buona Politica e la Buona Amministrazione, che si riporta in allegato, chiedendo che tutti i candidati aderiscano formalmente alla Carta.<br \/>\n&nbsp;<br \/>\nAbbiamo chiesto che tutti coloro che si candideranno per le amministrative di primavera nelle liste del Patto firmino unitamente alla propria candidatura anche gli impegni previsti nei 23 articoli della Carta. Si tratta di impegni che, ha continuato <strong><u>Umberto Cinque<\/u><\/strong>, indicano concretamente come un amministratore pubblico dovr\u00e0 comportarsi nella propria attivit\u00e0 quotidiana, attraverso una serie di regole e vincoli, al fine di rispettare i principi di trasparenza, imparzialit\u00e0, disciplina e onore previsti dagli articoli 54 e 97 della Costituzione.<br \/>\n\u201cCon la firma della Carta, ha sottolineato <strong><u>Gianni Pagliaro<\/u><\/strong>, portavoce di &lt;Mondragone. Bene Comune&gt;, il candidato sindaco, Virgilio Pacifico, e tutti i candidati del PATTO CIVICO si impegneranno davanti alla citt\u00e0 e ad essa dovranno dar conto nei prossimi 5 anni.<br \/>\nI princ\u00ecpi di cui parlava Umberto Cinque dovranno essere la stella polare dell\u2019Amministrazione Pacifico, la bussola del reale cambiamento. E il primo impegno pubblico che tutti i candidati del Patto dovranno formalmente assumere, nel rispetto di quel principio di onore previsto dalla nostra Carta costituzionale, \u00e8 quello &#8211; ha concluso Pagliaro &#8211; \u00a0di non tradire la volont\u00e0, il voto degli elettori, come \u00e8 successo con Schiappa e Cennami. MAI PIU\u2019 RIBALTONI! Mai pi\u00f9 brute pugnalate alla schiena dei cittadini!\u201d<\/p>\n","protected":false},"excerpt":{"rendered":"<p>&nbsp; MONDRAGONE.\u00a0\u201cIl 21 Marzo, il primo giorno di Primavera, \u00e8 anche la GIORNATA DELLA MEMORIA E DELL\u2019IMPEGNO IN<\/p>\n","protected":false},"author":2,"featured_media":14057,"comment_status":"closed","ping_status":"closed","sticky":false,"template":"","format":"standard","meta":{"sfsi_plus_gutenberg_text_before_share":"","sfsi_plus_gutenberg_show_text_before_share":"","sfsi_plus_gutenberg_icon_type":"","sfsi_plus_gutenberg_icon_alignemt":"","sfsi_plus_gutenburg_max_per_row":"","footnotes":""},"categories":[5,9],"tags":[4809,3651,4767,76,195],"class_list":["post-14115","post","type-post","status-publish","format-standard","has-post-thumbnail","hentry","category-mondragone","category-politica","tag-comunali-mondragone","tag-elezioni","tag-elezioni-mondragone","tag-mondragone","tag-politica-2"],"_links":{"self":[{"href":"https:\/\/www.thereportzone.it\/index.php?rest_route=\/wp\/v2\/posts\/14115"}],"collection":[{"href":"https:\/\/www.thereportzone.it\/index.php?rest_route=\/wp\/v2\/posts"}],"about":[{"href":"https:\/\/www.thereportzone.it\/index.php?rest_route=\/wp\/v2\/types\/post"}],"author":[{"embeddable":true,"href":"https:\/\/www.thereportzone.it\/index.php?rest_route=\/wp\/v2\/users\/2"}],"replies":[{"embeddable":true,"href":"https:\/\/www.thereportzone.it\/index.php?rest_route=%2Fwp%2Fv2%2Fcomments&post=14115"}],"version-history":[{"count":0,"href":"https:\/\/www.thereportzone.it\/index.php?rest_route=\/wp\/v2\/posts\/14115\/revisions"}],"wp:featuredmedia":[{"embeddable":true,"href":"https:\/\/www.thereportzone.it\/index.php?rest_route=\/"}],"wp:attachment":[{"href":"https:\/\/www.thereportzone.it\/index.php?rest_route=%2Fwp%2Fv2%2Fmedia&parent=14115"}],"wp:term":[{"taxonomy":"category","embeddable":true,"href":"https:\/\/www.thereportzone.it\/index.php?rest_route=%2Fwp%2Fv2%2Fcategories&post=14115"},{"taxonomy":"post_tag","embeddable":true,"href":"https:\/\/www.thereportzone.it\/index.php?rest_route=%2Fwp%2Fv2%2Ftags&post=14115"}],"curies":[{"name":"wp","href":"https:\/\/api.w.org\/{rel}","templated":true}]}}