{"id":14029,"date":"2017-03-15T11:53:53","date_gmt":"2017-03-15T10:53:53","guid":{"rendered":"http:\/\/www.thereportzone.it\/?p=14029"},"modified":"2017-03-15T11:53:53","modified_gmt":"2017-03-15T10:53:53","slug":"carinola-razzino-alla-conferenza-del-ministro-orlando-buone-primarie-a-tutti-le-foto","status":"publish","type":"post","link":"https:\/\/www.thereportzone.it\/?p=14029","title":{"rendered":"CARINOLA &#8211; Razzino alla conferenza del Ministro Orlando: &#8220;Buone Primarie a tutti&#8221; &#8211; LE FOTO"},"content":{"rendered":"<p>&nbsp;<br \/>\n<strong>POLITICA<\/strong>. Ieri sera nell&#8217;affascinante Sala degli Specchi del Teatro Garibaldi di Santa Maria Capua Vetere ho partecipato all&#8217;incontro con il Ministro Andrea Orlando , candidato alla Segreteria del PD insieme ad Emiliano e Matteo Renzi. Inutile dire che la sua candidatura ha in me risvegliato gli stimoli politici che si andavano assopendo dando per scontata una sicura ed incontrastata vittoria di Renzi , ora forse la vittoria di Renzi sar\u00e0 magari sicura ma certamente contrastata e ci\u00f2 a mio modesto parere \u00e8 un arricchimento per l&#8217;unico partito in Italia ove all&#8217;interno di discute, si animano le discussioni e si concorre a cercare soluzioni valide per la vita del Paese.<br \/>\nNaturalmente le diversit\u00e0 all&#8217;interno di un partito devono poi trovare un punto di congiunzione e di sintesi e non devono creare forti divisioni che poi addirittura assumono i contorni di uno scontro personale, come \u00e8 stato di recente che poi sfocia in una frattura insanabile tutto a discapito di una comunit\u00e0 come il PD unica speranza per risollevare le sorti del Paese con una pluralit\u00e0 di valide idee al contrario degli altri &#8220;partiti o movimenti&#8221; a conduzione padronale dove vale solo la voce del capo.<br \/>\nCredo e non rinnego la capacit\u00e0 di Matteo Renzi nell&#8217;essere un coraggioso vulcano di idee ed azioni, nonch\u00e9 trascinatore di sentimenti e pertanto oggi indispensabile nel ruolo esecutivo di Presidente del Consiglio che mi auguro presto possa tornare ad esserlo tuttavia nella guida del partito ha dimostrato di non essere inclusivo.<br \/>\nDopo aver ascoltato con molta attenzione l&#8217;intervento di Orlando, al quale va il sostegno degli ex Prodiani, di Gianni Cuperlo e gran parte di quello che \u00e8 rimasto della sinistra del partito tra l&#8217;altro da sempre la mia collocazione dal primo giorno dell&#8217;adesione al PD dopo la lunga militanza nei Verdi, e dicevo che dopo aver ascoltato con molta attenzione l&#8217;intervento di Orlando mi sono convinto ancora pi\u00f9 convinto della necessit\u00e0 che non necessariamente il Capo del Governo debba coincidere con il segretario del partito.<br \/>\nAscoltando Orlando, personaggio poco televisivo e poco incline alla politica spettacolo, \u00e8 immediatamente scattata con lui un&#8217;empatia grazie al suo tono pacato, al suo essere una persona corretta e perbene, al suo saper ascoltare allla sua capacit\u00e0 di dare risposte semplici con un linguaggio mai cripto , alla sua voglia di unire e di essere inclusivo , di parlare con la voce della verit\u00e0 e di non rincorrere gli avversari sul populismo che crea solo titoloni di giornali, grandi attese e nessun risultato utile per l&#8217;intera comunit\u00e0.<br \/>\nInsomma sono convinto e adoperero&#8217; perch\u00e9 Andrea Orlando vinca le primarie perch\u00e9 credo sia la persona giusta ad interpretare il ruolo di segretario dialogante o che abbia una grande affermazione perch\u00e9 un partito si tiene e fa bene se riesce non solo a far parlare tutti, cos\u00ec come d&#8217;altronde \u00e8 stato, ma anche a saper sopratutto ascoltare tutti. Buone primarie.<br \/>\nLorenzo Razzino<br \/>\n<img fetchpriority=\"high\" decoding=\"async\" class=\"aligncenter wp-image-14027 size-full\" src=\"http:\/\/www.thereportzone.it\/wp-content\/uploads\/2017\/03\/17354864_10211638774541667_1402932562_n.jpg\" alt=\"17354864_10211638774541667_1402932562_n\" width=\"720\" height=\"540\" \/><br \/>\n&nbsp;<br \/>\n<img decoding=\"async\" class=\"aligncenter wp-image-14026 size-full\" src=\"http:\/\/www.thereportzone.it\/wp-content\/uploads\/2017\/03\/17351020_10211638774341662_238997313_n.jpg\" alt=\"17351020_10211638774341662_238997313_n\" width=\"540\" height=\"720\" \/><\/p>\n","protected":false},"excerpt":{"rendered":"<p>&nbsp; POLITICA. Ieri sera nell&#8217;affascinante Sala degli Specchi del Teatro Garibaldi di Santa Maria Capua Vetere ho partecipato<\/p>\n","protected":false},"author":2,"featured_media":14027,"comment_status":"closed","ping_status":"closed","sticky":false,"template":"","format":"standard","meta":{"sfsi_plus_gutenberg_text_before_share":"","sfsi_plus_gutenberg_show_text_before_share":"","sfsi_plus_gutenberg_icon_type":"","sfsi_plus_gutenberg_icon_alignemt":"","sfsi_plus_gutenburg_max_per_row":"","footnotes":""},"categories":[2973,9],"tags":[4357,819,4647,4746,4784],"class_list":["post-14029","post","type-post","status-publish","format-standard","has-post-thumbnail","hentry","category-carinola","category-politica","tag-elezioni-carinola","tag-pd","tag-pd-carinola","tag-primarie-pd","tag-razzino-carinola"],"_links":{"self":[{"href":"https:\/\/www.thereportzone.it\/index.php?rest_route=\/wp\/v2\/posts\/14029"}],"collection":[{"href":"https:\/\/www.thereportzone.it\/index.php?rest_route=\/wp\/v2\/posts"}],"about":[{"href":"https:\/\/www.thereportzone.it\/index.php?rest_route=\/wp\/v2\/types\/post"}],"author":[{"embeddable":true,"href":"https:\/\/www.thereportzone.it\/index.php?rest_route=\/wp\/v2\/users\/2"}],"replies":[{"embeddable":true,"href":"https:\/\/www.thereportzone.it\/index.php?rest_route=%2Fwp%2Fv2%2Fcomments&post=14029"}],"version-history":[{"count":0,"href":"https:\/\/www.thereportzone.it\/index.php?rest_route=\/wp\/v2\/posts\/14029\/revisions"}],"wp:featuredmedia":[{"embeddable":true,"href":"https:\/\/www.thereportzone.it\/index.php?rest_route=\/"}],"wp:attachment":[{"href":"https:\/\/www.thereportzone.it\/index.php?rest_route=%2Fwp%2Fv2%2Fmedia&parent=14029"}],"wp:term":[{"taxonomy":"category","embeddable":true,"href":"https:\/\/www.thereportzone.it\/index.php?rest_route=%2Fwp%2Fv2%2Fcategories&post=14029"},{"taxonomy":"post_tag","embeddable":true,"href":"https:\/\/www.thereportzone.it\/index.php?rest_route=%2Fwp%2Fv2%2Ftags&post=14029"}],"curies":[{"name":"wp","href":"https:\/\/api.w.org\/{rel}","templated":true}]}}